{"id":47559,"date":"2019-07-21T15:14:09","date_gmt":"2019-07-21T19:14:09","guid":{"rendered":"https:\/\/linitiative.ca\/International\/pros-laspect-financier-pourrait-faire-capoter-le-transfert-de-guedioura-a-al-kuwait\/"},"modified":"2019-07-21T15:14:09","modified_gmt":"2019-07-21T19:14:09","slug":"pros-laspect-financier-pourrait-faire-capoter-le-transfert-de-guedioura-a-al-kuwait","status":"publish","type":"post","link":"https:\/\/linitiative.ca\/International\/pros-laspect-financier-pourrait-faire-capoter-le-transfert-de-guedioura-a-al-kuwait\/","title":{"rendered":"Pros : L\u2019aspect financier pourrait faire capoter le transfert de Guedioura \u00e0 Al Kuwait"},"content":{"rendered":"<div readability=\"32\">\n<p>Auteur : <span class=\"time\">dimanche 21 juillet 2019 18:49<\/span><\/p>\n<\/div>\n<div id=\"post_core\" readability=\"41\">\n<p>Auteur d\u2019une grosse CAN avec les Verts, le joueur milieu de terrain de l\u2019EN, Adl\u00e8ne Guedioura pourrait changer de club cet \u00e9t\u00e9. Selon certaines informations de la presse Koweitienne, le joueur milieu de terrain de Nottingham Forest a \u00e9t\u00e9 annonc\u00e9 du cot\u00e9 de l\u2019\u00e9quipe d\u2019Al Kuwait d\u00e8s cet \u00e9t\u00e9. La m\u00eame source avait indiqu\u00e9 que les n\u00e9gociations entre l\u2019agent du joueur et la direction du club en question avaient atteint un stade tr\u00e8s avanc\u00e9. Toutefois, la presse Koweitienne vient de r\u00e9v\u00e9ler que les n\u00e9gociations entre les deux parties ont connu un coup d\u2019arr\u00eat ces derniers jours en raison de l\u2019aspect financier.\u00a0 Selon la m\u00eame source toujours, Guedioura est encore sous contrat avec son club anglais. Du coup, les exigences de Nottingham Forest pour la libration du joueur pourraient dissuader les responsables d\u2019Al Kuwait de s\u2019offrir Guedioura.<\/p>\n<p><strong>Publi\u00e9 dans :<\/strong> <span>guedioura<\/span><\/p>\n<\/div>\n<p>Auteur:<br \/>\n<a href=\"http:\/\/www.lebuteur.com\/article\/detail?titre=laspect-financier-pourrait-faire-capoter-le-transfert-de-guedioura-a-al-kuwait&#038;id=90571&#038;utm_source=feedburner&#038;utm_medium=feed&#038;utm_campaign=Feed%3A+GalerieFArtciles+%28Les+derniers+articles++-+lebuteur.com%29\">Cliquez ici pour lire l&rsquo;article depuis sa source.<\/a><\/p>\n","protected":false},"excerpt":{"rendered":"<p>Auteur : dimanche 21 juillet 2019 18:49 Auteur d\u2019une grosse CAN avec les Verts, le joueur milieu de terrain de l\u2019EN, Adl\u00e8ne Guedioura pourrait changer de club cet \u00e9t\u00e9. Selon certaines informations de la presse Koweitienne, le joueur milieu de terrain de Nottingham Forest a \u00e9t\u00e9 annonc\u00e9 du cot\u00e9 de l\u2019\u00e9quipe d\u2019Al Kuwait d\u00e8s cet [&hellip;]<\/p>\n","protected":false},"author":1738,"featured_media":47560,"comment_status":"closed","ping_status":"closed","sticky":false,"template":"","format":"standard","meta":{"fifu_image_url":"","fifu_image_alt":"","footnotes":""},"categories":[53,75],"tags":[],"class_list":["post-47559","post","type-post","status-publish","format-standard","has-post-thumbnail","hentry","category-algerie","category-sport"],"_links":{"self":[{"href":"https:\/\/linitiative.ca\/International\/wp-json\/wp\/v2\/posts\/47559","targetHints":{"allow":["GET"]}}],"collection":[{"href":"https:\/\/linitiative.ca\/International\/wp-json\/wp\/v2\/posts"}],"about":[{"href":"https:\/\/linitiative.ca\/International\/wp-json\/wp\/v2\/types\/post"}],"author":[{"embeddable":true,"href":"https:\/\/linitiative.ca\/International\/wp-json\/wp\/v2\/users\/1738"}],"replies":[{"embeddable":true,"href":"https:\/\/linitiative.ca\/International\/wp-json\/wp\/v2\/comments?post=47559"}],"version-history":[{"count":0,"href":"https:\/\/linitiative.ca\/International\/wp-json\/wp\/v2\/posts\/47559\/revisions"}],"wp:featuredmedia":[{"embeddable":true,"href":"https:\/\/linitiative.ca\/International\/wp-json\/"}],"wp:attachment":[{"href":"https:\/\/linitiative.ca\/International\/wp-json\/wp\/v2\/media?parent=47559"}],"wp:term":[{"taxonomy":"category","embeddable":true,"href":"https:\/\/linitiative.ca\/International\/wp-json\/wp\/v2\/categories?post=47559"},{"taxonomy":"post_tag","embeddable":true,"href":"https:\/\/linitiative.ca\/International\/wp-json\/wp\/v2\/tags?post=47559"}],"curies":[{"name":"wp","href":"https:\/\/api.w.org\/{rel}","templated":true}]}}