{"id":47561,"date":"2019-07-21T15:14:11","date_gmt":"2019-07-21T19:14:11","guid":{"rendered":"https:\/\/linitiative.ca\/International\/pros-al-rayyan-sc-pret-a-tout-pour-soffrir-brahimi\/"},"modified":"2019-07-21T15:14:11","modified_gmt":"2019-07-21T19:14:11","slug":"pros-al-rayyan-sc-pret-a-tout-pour-soffrir-brahimi","status":"publish","type":"post","link":"https:\/\/linitiative.ca\/International\/pros-al-rayyan-sc-pret-a-tout-pour-soffrir-brahimi\/","title":{"rendered":"Pros : Al-Rayyan SC pr\u00eat \u00e0 tout pour s\u2019offrir Brahimi"},"content":{"rendered":"<div readability=\"32\">\n<p>Auteur : <span class=\"time\">dimanche 21 juillet 2019 18:50<\/span><\/p>\n<\/div>\n<div id=\"post_core\" readability=\"42\">\n<p>Ou jouera Yacine Brahimi la saison prochaine\u00a0? La question est pos\u00e9e depuis un certain temps d\u00e9j\u00e0. N\u2019ayant pas renouvel\u00e9 son contrat avec le FC Porto, l\u2019on sait depuis quelques mois d\u00e9j\u00e0 que Brahimi ne rester pas \u00e0 Porto la saison prochaine. Aucun accord n\u2019a \u00e9t\u00e9 trouv\u00e9 entre lui et ses dirigeants pour le renouvellement de son contrat. Du coup, son nom a \u00e9t\u00e9 associ\u00e9 \u00e0 plusieurs clubs, notamment en Premier League ainsi qu\u2019en Ligue 1 Conforama. Lors de la pr\u00e9c\u00e9dente CAN, Brahimi a pass\u00e9 la majeure partie de la comp\u00e9tition sur le banc de touche en raison d\u2019une blessure. Apr\u00e8s avoir c\u00e9l\u00e9br\u00e9 comme il se doit \u00e0 la CAN avec le peuple Alg\u00e9rien, Brahimi va devoir trancher sur son avenir et rejoindre son futur club. A en croire certains m\u00e9dias qataris, Brahimi serait en contacte avanc\u00e9 avec la formation d\u2019Al-Rayyan SC. Selon les informations d\u2019Al Kass, les repr\u00e9sentants de l\u2019ancien joueur de Grenade seraient en n\u00e9gociations avanc\u00e9es avec le club en question.<\/p>\n<p><strong>Publi\u00e9 dans :<\/strong> <span>Brahimi<\/span><\/p>\n<\/div>\n<p>Auteur:<br \/>\n<a href=\"http:\/\/www.lebuteur.com\/article\/detail?titre=al-rayyan-sc-pret-a-tout-pour-soffrir-brahimi&#038;id=90572&#038;utm_source=feedburner&#038;utm_medium=feed&#038;utm_campaign=Feed%3A+GalerieFArtciles+%28Les+derniers+articles++-+lebuteur.com%29\">Cliquez ici pour lire l&rsquo;article depuis sa source.<\/a><\/p>\n","protected":false},"excerpt":{"rendered":"<p>Auteur : dimanche 21 juillet 2019 18:50 Ou jouera Yacine Brahimi la saison prochaine\u00a0? La question est pos\u00e9e depuis un certain temps d\u00e9j\u00e0. N\u2019ayant pas renouvel\u00e9 son contrat avec le FC Porto, l\u2019on sait depuis quelques mois d\u00e9j\u00e0 que Brahimi ne rester pas \u00e0 Porto la saison prochaine. Aucun accord n\u2019a \u00e9t\u00e9 trouv\u00e9 entre lui [&hellip;]<\/p>\n","protected":false},"author":1738,"featured_media":47562,"comment_status":"closed","ping_status":"closed","sticky":false,"template":"","format":"standard","meta":{"fifu_image_url":"","fifu_image_alt":"","footnotes":""},"categories":[53,75],"tags":[],"class_list":["post-47561","post","type-post","status-publish","format-standard","has-post-thumbnail","hentry","category-algerie","category-sport"],"_links":{"self":[{"href":"https:\/\/linitiative.ca\/International\/wp-json\/wp\/v2\/posts\/47561","targetHints":{"allow":["GET"]}}],"collection":[{"href":"https:\/\/linitiative.ca\/International\/wp-json\/wp\/v2\/posts"}],"about":[{"href":"https:\/\/linitiative.ca\/International\/wp-json\/wp\/v2\/types\/post"}],"author":[{"embeddable":true,"href":"https:\/\/linitiative.ca\/International\/wp-json\/wp\/v2\/users\/1738"}],"replies":[{"embeddable":true,"href":"https:\/\/linitiative.ca\/International\/wp-json\/wp\/v2\/comments?post=47561"}],"version-history":[{"count":0,"href":"https:\/\/linitiative.ca\/International\/wp-json\/wp\/v2\/posts\/47561\/revisions"}],"wp:featuredmedia":[{"embeddable":true,"href":"https:\/\/linitiative.ca\/International\/wp-json\/"}],"wp:attachment":[{"href":"https:\/\/linitiative.ca\/International\/wp-json\/wp\/v2\/media?parent=47561"}],"wp:term":[{"taxonomy":"category","embeddable":true,"href":"https:\/\/linitiative.ca\/International\/wp-json\/wp\/v2\/categories?post=47561"},{"taxonomy":"post_tag","embeddable":true,"href":"https:\/\/linitiative.ca\/International\/wp-json\/wp\/v2\/tags?post=47561"}],"curies":[{"name":"wp","href":"https:\/\/api.w.org\/{rel}","templated":true}]}}