{"id":47563,"date":"2019-07-21T15:14:12","date_gmt":"2019-07-21T19:14:12","guid":{"rendered":"https:\/\/linitiative.ca\/International\/international-polemique-autour-de-mahrez-en-egypte\/"},"modified":"2019-07-21T15:14:12","modified_gmt":"2019-07-21T19:14:12","slug":"international-polemique-autour-de-mahrez-en-egypte","status":"publish","type":"post","link":"https:\/\/linitiative.ca\/International\/international-polemique-autour-de-mahrez-en-egypte\/","title":{"rendered":"International : Pol\u00e9mique autour de Mahrez en Egypte"},"content":{"rendered":"<div readability=\"32\">\n<p>Auteur : <span class=\"time\">dimanche 21 juillet 2019 18:51<\/span><\/p>\n<\/div>\n<div id=\"post_core\" readability=\"47\">\n<p>Dans un autre registre, une pol\u00e9mique est n\u00e9e en Egypte autour de Mahrez. L\u2019avocat \u00e9gyptien, Samir Sabri a r\u00e9v\u00e9l\u00e9 avoir soumis une demande officielle aupr\u00e8s\u00a0 du procureur g\u00e9n\u00e9ral pour inclure le nom du joueur de Manchester City sur la liste des personnes interdites d\u2019ent\u00e9e sur le territoire \u00e9gyptien. En effet, la vid\u00e9o de Mahrez a fait le tour des r\u00e9seaux sociaux. Pour les Egyptiens, Mahrez a ignor\u00e9 le premier ministre, Moustafa Madbouli, ainsi que le ministre de la Jeunesse et des Sports \u00e9gyptien, Ashraf Sobhy lors de la c\u00e9r\u00e9monie de remise des prix qui a suivi le match opposant les Fennecs au S\u00e9n\u00e9gal. Toutefois, et selon une source autoris\u00e9e, Mahrez aurait salu\u00e9 le premier ministre \u00e9gyptienne avant cette sc\u00e8ne. L\u2019avocat en question a accus\u00e9 Riyad Mahrez d\u2019avoir d\u00e9lib\u00e9r\u00e9ment ignor\u00e9 le Premier ministre \u00e9gyptien, qualifiant d\u2019insulte le fait que le capitaine de l\u2019Alg\u00e9rie n\u2019ait pas serr\u00e9 la main de Moustafa Madbouli lors de la c\u00e9r\u00e9monie de la remise des m\u00e9dailles.<\/p>\n<p><strong>Publi\u00e9 dans :<\/strong> <span>Egypte<\/span> <span>Mahrez<\/span><\/p>\n<\/div>\n<p>Auteur:<br \/>\n<a href=\"http:\/\/www.lebuteur.com\/article\/detail?titre=polemique-autour-de-mahrez-en-egypte&#038;id=90573&#038;utm_source=feedburner&#038;utm_medium=feed&#038;utm_campaign=Feed%3A+GalerieFArtciles+%28Les+derniers+articles++-+lebuteur.com%29\">Cliquez ici pour lire l&rsquo;article depuis sa source.<\/a><\/p>\n","protected":false},"excerpt":{"rendered":"<p>Auteur : dimanche 21 juillet 2019 18:51 Dans un autre registre, une pol\u00e9mique est n\u00e9e en Egypte autour de Mahrez. L\u2019avocat \u00e9gyptien, Samir Sabri a r\u00e9v\u00e9l\u00e9 avoir soumis une demande officielle aupr\u00e8s\u00a0 du procureur g\u00e9n\u00e9ral pour inclure le nom du joueur de Manchester City sur la liste des personnes interdites d\u2019ent\u00e9e sur le territoire \u00e9gyptien. [&hellip;]<\/p>\n","protected":false},"author":1738,"featured_media":47564,"comment_status":"closed","ping_status":"closed","sticky":false,"template":"","format":"standard","meta":{"fifu_image_url":"","fifu_image_alt":"","footnotes":""},"categories":[53,75],"tags":[],"class_list":["post-47563","post","type-post","status-publish","format-standard","has-post-thumbnail","hentry","category-algerie","category-sport"],"_links":{"self":[{"href":"https:\/\/linitiative.ca\/International\/wp-json\/wp\/v2\/posts\/47563","targetHints":{"allow":["GET"]}}],"collection":[{"href":"https:\/\/linitiative.ca\/International\/wp-json\/wp\/v2\/posts"}],"about":[{"href":"https:\/\/linitiative.ca\/International\/wp-json\/wp\/v2\/types\/post"}],"author":[{"embeddable":true,"href":"https:\/\/linitiative.ca\/International\/wp-json\/wp\/v2\/users\/1738"}],"replies":[{"embeddable":true,"href":"https:\/\/linitiative.ca\/International\/wp-json\/wp\/v2\/comments?post=47563"}],"version-history":[{"count":0,"href":"https:\/\/linitiative.ca\/International\/wp-json\/wp\/v2\/posts\/47563\/revisions"}],"wp:featuredmedia":[{"embeddable":true,"href":"https:\/\/linitiative.ca\/International\/wp-json\/"}],"wp:attachment":[{"href":"https:\/\/linitiative.ca\/International\/wp-json\/wp\/v2\/media?parent=47563"}],"wp:term":[{"taxonomy":"category","embeddable":true,"href":"https:\/\/linitiative.ca\/International\/wp-json\/wp\/v2\/categories?post=47563"},{"taxonomy":"post_tag","embeddable":true,"href":"https:\/\/linitiative.ca\/International\/wp-json\/wp\/v2\/tags?post=47563"}],"curies":[{"name":"wp","href":"https:\/\/api.w.org\/{rel}","templated":true}]}}