{"id":47565,"date":"2019-07-20T19:00:00","date_gmt":"2019-07-20T23:00:00","guid":{"rendered":"https:\/\/linitiative.ca\/International\/port-dalger-accostage-du-navire-tunisien-kheir-eddine-a-700\/"},"modified":"2019-07-20T19:00:00","modified_gmt":"2019-07-20T23:00:00","slug":"port-dalger-accostage-du-navire-tunisien-kheir-eddine-a-700","status":"publish","type":"post","link":"https:\/\/linitiative.ca\/International\/port-dalger-accostage-du-navire-tunisien-kheir-eddine-a-700\/","title":{"rendered":"Port d\u2019Alger :  Accostage du navire tunisien  Kheir-Eddine A-700"},"content":{"rendered":"<p>Le navire de recherche et de formation \u00abKheir-Eddine A-700\u00bb, relevant des Forces navales tunisiennes, a accost\u00e9 jeudi dernier au port d\u2019Alger, une escale effectu\u00e9e dans le cadre du renforcement des relations d\u2019amiti\u00e9 entre les arm\u00e9es des deux pays, indique un communiqu\u00e9 du minist\u00e8re de la D\u00e9fense nationale (MDN). \u00abDans le cadre de l\u2019ex\u00e9cution du programme de coop\u00e9ration militaire bilat\u00e9rale alg\u00e9ro-tunisienne, le navire de recherche et de formation Kheir-Eddine A-700\u00bb, relevant des Forces navales tunisiennes, a accost\u00e9 ce jeudi 18 juillet 2019, au port d\u2019Alger\u00bb, pr\u00e9cise la m\u00eame source. A cette occasion, le Commandant du navire a effectu\u00e9 une visite de courtoisie au Commandant de la Fa\u00e7ade Maritime Centre, note le communiqu\u00e9, pr\u00e9cisant qu&rsquo;un \u00abriche programme d\u2019activit\u00e9s culturelles et sportives a \u00e9galement \u00e9t\u00e9 \u00e9labor\u00e9 au profit de la d\u00e9l\u00e9gation militaire tunisienne, outre l\u2019\u00e9change de visites entre les officiers des deux parties, \u00e0 bord du navire tunisien et \u00e0 l\u2019Ecole sup\u00e9rieure navale\u00bb. Cette escale, qui s\u2019inscrit \u00abdans le cadre du renforcement des relations d\u2019amiti\u00e9 entre les arm\u00e9es des deux pays, contribuera \u00e0 consolider davantage la coop\u00e9ration militaire et l\u2019\u00e9change d\u2019exp\u00e9riences entre nos Forces navales et les Forces navales tunisiennes\u00bb, ajoute la m\u00eame source.<\/p>\n<p>Auteur: elmoudjahid<br \/>\n<a href=\"http:\/\/www.elmoudjahid.com\/fr\/actualites\/139541\">Cliquez ici pour lire l&rsquo;article depuis sa source.<\/a><\/p>\n","protected":false},"excerpt":{"rendered":"<p>Le navire de recherche et de formation \u00abKheir-Eddine A-700\u00bb, relevant des Forces navales tunisiennes, a accost\u00e9 jeudi dernier au port d\u2019Alger, une escale effectu\u00e9e dans le cadre du renforcement des relations d\u2019amiti\u00e9 entre les arm\u00e9es des deux pays, indique un communiqu\u00e9 du minist\u00e8re de la D\u00e9fense nationale (MDN). \u00abDans le cadre de l\u2019ex\u00e9cution du programme [&hellip;]<\/p>\n","protected":false},"author":1744,"featured_media":0,"comment_status":"closed","ping_status":"closed","sticky":false,"template":"","format":"standard","meta":{"fifu_image_url":"","fifu_image_alt":"","footnotes":""},"categories":[73,53],"tags":[],"class_list":["post-47565","post","type-post","status-publish","format-standard","hentry","category-actualite","category-algerie"],"_links":{"self":[{"href":"https:\/\/linitiative.ca\/International\/wp-json\/wp\/v2\/posts\/47565","targetHints":{"allow":["GET"]}}],"collection":[{"href":"https:\/\/linitiative.ca\/International\/wp-json\/wp\/v2\/posts"}],"about":[{"href":"https:\/\/linitiative.ca\/International\/wp-json\/wp\/v2\/types\/post"}],"author":[{"embeddable":true,"href":"https:\/\/linitiative.ca\/International\/wp-json\/wp\/v2\/users\/1744"}],"replies":[{"embeddable":true,"href":"https:\/\/linitiative.ca\/International\/wp-json\/wp\/v2\/comments?post=47565"}],"version-history":[{"count":0,"href":"https:\/\/linitiative.ca\/International\/wp-json\/wp\/v2\/posts\/47565\/revisions"}],"wp:attachment":[{"href":"https:\/\/linitiative.ca\/International\/wp-json\/wp\/v2\/media?parent=47565"}],"wp:term":[{"taxonomy":"category","embeddable":true,"href":"https:\/\/linitiative.ca\/International\/wp-json\/wp\/v2\/categories?post=47565"},{"taxonomy":"post_tag","embeddable":true,"href":"https:\/\/linitiative.ca\/International\/wp-json\/wp\/v2\/tags?post=47565"}],"curies":[{"name":"wp","href":"https:\/\/api.w.org\/{rel}","templated":true}]}}