{"id":47568,"date":"2019-07-20T19:00:00","date_gmt":"2019-07-20T23:00:00","guid":{"rendered":"https:\/\/linitiative.ca\/International\/petrolier-algerien-contraint-de-se-diriger-vers-les-eaux-territoriales-iraniennes-tout-est-rentre-dans-lordre\/"},"modified":"2019-07-20T19:00:00","modified_gmt":"2019-07-20T23:00:00","slug":"petrolier-algerien-contraint-de-se-diriger-vers-les-eaux-territoriales-iraniennes-tout-est-rentre-dans-lordre","status":"publish","type":"post","link":"https:\/\/linitiative.ca\/International\/petrolier-algerien-contraint-de-se-diriger-vers-les-eaux-territoriales-iraniennes-tout-est-rentre-dans-lordre\/","title":{"rendered":"P\u00e9trolier alg\u00e9rien contraint de se diriger vers les eaux territoriales iraniennes : Tout est rentr\u00e9 dans l\u2019ordre"},"content":{"rendered":"<p>Le p\u00e9trolier \u00abMESDAR\u00bb appartenant \u00e0 Sonatrach, a \u00e9t\u00e9 contraint vendredi dernier de mettre le cap vers les eaux territoriales iraniennes, par les garde-c\u00f4tes de la marine iranienne, au moment o\u00f9 il traversait le d\u00e9troit d\u2019Ormuz, a annonc\u00e9 hier la compagnie nationale des hydrocarbures. \u00abLe vendredi 19 juillet 2019, \u00e0 19h30 heure alg\u00e9rienne, le p\u00e9trolier MESDAR, de 2.000.000 de barils de capacit\u00e9, propri\u00e9t\u00e9 de Sonatrach, a \u00e9t\u00e9 contraint de mettre le cap vers les eaux territoriales des c\u00f4tes iraniennes, par les garde-c\u00f4tes de la marine iranienne, au moment o\u00f9 il traversait le d\u00e9troit d&rsquo;Ormuz\u00bb, a expliqu\u00e9 la m\u00eame source dans un communiqu\u00e9. \u00abLe navire se dirigeait, en fait, vers Tanura pour charger du p\u00e9trole brut pour le compte de la compagnie chinoise UNIPEC\u00bb, a-t-on ajout\u00e9. A cet effet, une cellule de suivi a \u00e9t\u00e9 imm\u00e9diatement mise en place entre les d\u00e9partements minist\u00e9riels de l&rsquo;Energie et des Affaires \u00e9trang\u00e8res, jusqu&rsquo;au d\u00e9nouement de cette affaire \u00e0 20h45, a fait savoir Sonatrach, pr\u00e9cisant qu&rsquo;\u00abaucun incident humain ou mat\u00e9riel n&rsquo;a \u00e9t\u00e9 enregistr\u00e9\u00bb.<\/p>\n<p>Auteur: elmoudjahid<br \/>\n<a href=\"http:\/\/www.elmoudjahid.com\/fr\/actualites\/139544\">Cliquez ici pour lire l&rsquo;article depuis sa source.<\/a><\/p>\n","protected":false},"excerpt":{"rendered":"<p>Le p\u00e9trolier \u00abMESDAR\u00bb appartenant \u00e0 Sonatrach, a \u00e9t\u00e9 contraint vendredi dernier de mettre le cap vers les eaux territoriales iraniennes, par les garde-c\u00f4tes de la marine iranienne, au moment o\u00f9 il traversait le d\u00e9troit d\u2019Ormuz, a annonc\u00e9 hier la compagnie nationale des hydrocarbures. \u00abLe vendredi 19 juillet 2019, \u00e0 19h30 heure alg\u00e9rienne, le p\u00e9trolier MESDAR, [&hellip;]<\/p>\n","protected":false},"author":1744,"featured_media":0,"comment_status":"closed","ping_status":"closed","sticky":false,"template":"","format":"standard","meta":{"fifu_image_url":"","fifu_image_alt":"","footnotes":""},"categories":[73,53],"tags":[],"class_list":["post-47568","post","type-post","status-publish","format-standard","hentry","category-actualite","category-algerie"],"_links":{"self":[{"href":"https:\/\/linitiative.ca\/International\/wp-json\/wp\/v2\/posts\/47568","targetHints":{"allow":["GET"]}}],"collection":[{"href":"https:\/\/linitiative.ca\/International\/wp-json\/wp\/v2\/posts"}],"about":[{"href":"https:\/\/linitiative.ca\/International\/wp-json\/wp\/v2\/types\/post"}],"author":[{"embeddable":true,"href":"https:\/\/linitiative.ca\/International\/wp-json\/wp\/v2\/users\/1744"}],"replies":[{"embeddable":true,"href":"https:\/\/linitiative.ca\/International\/wp-json\/wp\/v2\/comments?post=47568"}],"version-history":[{"count":0,"href":"https:\/\/linitiative.ca\/International\/wp-json\/wp\/v2\/posts\/47568\/revisions"}],"wp:attachment":[{"href":"https:\/\/linitiative.ca\/International\/wp-json\/wp\/v2\/media?parent=47568"}],"wp:term":[{"taxonomy":"category","embeddable":true,"href":"https:\/\/linitiative.ca\/International\/wp-json\/wp\/v2\/categories?post=47568"},{"taxonomy":"post_tag","embeddable":true,"href":"https:\/\/linitiative.ca\/International\/wp-json\/wp\/v2\/tags?post=47568"}],"curies":[{"name":"wp","href":"https:\/\/api.w.org\/{rel}","templated":true}]}}