{"id":47579,"date":"2019-07-21T07:17:53","date_gmt":"2019-07-21T11:17:53","guid":{"rendered":"https:\/\/linitiative.ca\/International\/92225-can-2019-bensalah-felicite-par-le-serviteur-des-deux-lieux-saints-de-l-islam\/"},"modified":"2019-07-21T07:17:53","modified_gmt":"2019-07-21T11:17:53","slug":"92225-can-2019-bensalah-felicite-par-le-serviteur-des-deux-lieux-saints-de-l-islam","status":"publish","type":"post","link":"https:\/\/linitiative.ca\/International\/92225-can-2019-bensalah-felicite-par-le-serviteur-des-deux-lieux-saints-de-l-islam\/","title":{"rendered":"CAN 2019 : Bensalah f\u00e9licit\u00e9 par le serviteur des deux Lieux Saints de\u00a0l&rsquo;Islam"},"content":{"rendered":"<div>\n<div class=\"K2FeedIntroText\">\n<p><strong>ALGER- Le chef de l&rsquo;Etat, Abdelkader Bensalah a re\u00e7u,\u00a0samedi, les f\u00e9licitations du serviteur des deux Lieux Saints de l&rsquo;Islam, le\u00a0Roi Salmane Ben Abdelaziz Al Saoud, \u00e0 l&rsquo;occasion du sacre de la S\u00e9lection\u00a0nationale \u00e0 la Coupe d&rsquo;Afrique des Nations CAN 2019 qui s&rsquo;est d\u00e9roul\u00e9e en\u00a0Egypte, a indiqu\u00e9 la Pr\u00e9sidence de la R\u00e9publique dans un communiqu\u00e9.<\/strong><\/p>\n<\/div>\n<div class=\"K2FeedFullText\">\n<p><strong>\u00ab\u00a0Le chef de l&rsquo;Etat Abdelkader Bensalah a re\u00e7u un appel t\u00e9l\u00e9phonique de son\u00a0fr\u00e8re le serviteur des deux Lieux Saints de l&rsquo;Islam, le Roi Salmane Ben\u00a0Abdelaziz Al Saoud qui lui \u00e0 adress\u00e9 \u00e0 lui ainsi qu&rsquo;\u00e0 tout le peuple\u00a0alg\u00e9rien ses f\u00e9licitations \u00e0 l&rsquo;occasion de la grande victoire de l&rsquo;\u00e9quipe\u00a0nationale alg\u00e9rienne ayant d\u00e9croch\u00e9 la Coupe de la 32e \u00e9dition de la CAN\u00a0qui s&rsquo;est d\u00e9roul\u00e9e en Egypte\u00a0\u00bb<\/strong>, lit-on dans le communiqu\u00e9.<\/p>\n<p>\u00ab\u00a0Le serviteur des deux Lieux Saints de l&rsquo;Islam a affirm\u00e9 au chef de l&rsquo;Etat\u00a0que cette victoire n&rsquo;\u00e9tait pas seulement de l&rsquo;Alg\u00e9rie mais celle de toute\u00a0la Nation arabe\u00a0\u00bb, a conclu la m\u00eame source.<\/p>\n<p><strong>\u00ab\u00a0Ils ont \u00e9t\u00e9 d\u00e9termin\u00e9s&#8230; ils ont tenu leur promesse&#8230; toutes nos\u00a0f\u00e9licitations\u00a0\u00bb<\/strong>, a \u00e9crit de son c\u00f4t\u00e9 la Conf\u00e9d\u00e9ration africaine de football\u00a0(CAF) sur son compte twitter.<\/p>\n<p>De son cot\u00e9, l&rsquo;Olympique de Marseille (OM) a f\u00e9licit\u00e9 les alg\u00e9riens \u00ab\u00a0de\u00a0Marseille jusqu&rsquo;\u00e0 Oran en passant par Alger et jusqu&rsquo;\u00e0 Tamanrasset\u00a0\u00bb. Le\u00a0club phoc\u00e9en o\u00f9 le s\u00e9lectionneur alg\u00e9rien, Djamel Belmadi a \u00e9volu\u00e9 pendant\u00a0quatre saison (1997-1998 puis 2000-2003), a ajout\u00e9 dans un tweet en arabe :\u00a0\u00ab\u00a0Nos f\u00e9licitations aux combattants du d\u00e9sert, les champions de la\u00a0CAN-2019&#8230;ils l&rsquo;ont remport\u00e9 avec la volont\u00e9 et la grinta. F\u00e9licitation au\u00a0peuple alg\u00e9rien\u00a0\u00bb.<\/p>\n<p>Bien que ne comptant aucun joueur alg\u00e9rien parmi ses rangs, l&rsquo;Inter de\u00a0Milan a voulu partager avec le peuple alg\u00e9rien sa joie en \u00e9crivant, en\u00a0arabe, sur sa page officielle Facebook: \u00ab\u00a0Nos f\u00e9licitations \u00e0 l&rsquo;Alg\u00e9rie pour\u00a0ce titre\u00a0\u00bb.<\/p>\n<p>\u00a0De son cot\u00e9 le club qatari Al Sadd, o\u00f9 \u00e9volue l&rsquo;attaquant des verts\u00a0Baghdad Bounedjah, a \u00e9crit dans un Tweet\u00a0<strong> \u00ab\u00a0Nos f\u00e9licitations \u00e0 l&rsquo;Alg\u00e9rie,\u00a0f\u00e9licitations Baghdad Bounedjah pour la CAN-2019\u00a0\u00bb<\/strong>, ajoutant que <strong>\u00ab\u00a0le\u00a0meilleur buteur du championnat qatari (Bounedjah) a marqu\u00e9 le but de la\u00a0victoire dans cette finale de la CAN-2019\u00a0\u00bb.<\/strong><\/p>\n<p>L&rsquo;unique but des verts dans la finale contre le S\u00e9n\u00e9gal a \u00e9t\u00e9 inscrit\u00a0par Bounedjah \u00e0 la 2e minute offrant \u00e0 l&rsquo;Alg\u00e9rie le deuxi\u00e8me titre de son\u00a0histoire apr\u00e8s celui de 1990, remport\u00e9 contre le Nig\u00e9ria avec le m\u00eame score\u00a0de 1-0.<\/p>\n<p>\u00a0<\/p>\n<\/div>\n<p><img loading=\"lazy\" decoding=\"async\" src=\"http:\/\/feeds.feedburner.com\/~r\/aps-sport\/~4\/5GpyrT7AsZE\" height=\"1\" width=\"1\" alt=\"\"><\/div>\n<p>Auteur:<br \/>\n<a href=\"http:\/\/www.aps.dz\/sport\/92225-can-2019-bensalah-felicite-par-le-serviteur-des-deux-lieux-saints-de-l-islam?utm_source=feedburner&#038;utm_medium=feed&#038;utm_campaign=Feed%3A+aps-sport+%28APS+-+SPORT%29\">Cliquez ici pour lire l&rsquo;article depuis sa source.<\/a><\/p>\n","protected":false},"excerpt":{"rendered":"<p>ALGER- Le chef de l&rsquo;Etat, Abdelkader Bensalah a re\u00e7u,\u00a0samedi, les f\u00e9licitations du serviteur des deux Lieux Saints de l&rsquo;Islam, le\u00a0Roi Salmane Ben Abdelaziz Al Saoud, \u00e0 l&rsquo;occasion du sacre de la S\u00e9lection\u00a0nationale \u00e0 la Coupe d&rsquo;Afrique des Nations CAN 2019 qui s&rsquo;est d\u00e9roul\u00e9e en\u00a0Egypte, a indiqu\u00e9 la Pr\u00e9sidence de la R\u00e9publique dans un communiqu\u00e9. \u00ab\u00a0Le [&hellip;]<\/p>\n","protected":false},"author":1790,"featured_media":0,"comment_status":"closed","ping_status":"closed","sticky":false,"template":"","format":"standard","meta":{"fifu_image_url":"","fifu_image_alt":"","footnotes":""},"categories":[53,75],"tags":[],"class_list":["post-47579","post","type-post","status-publish","format-standard","hentry","category-algerie","category-sport"],"_links":{"self":[{"href":"https:\/\/linitiative.ca\/International\/wp-json\/wp\/v2\/posts\/47579","targetHints":{"allow":["GET"]}}],"collection":[{"href":"https:\/\/linitiative.ca\/International\/wp-json\/wp\/v2\/posts"}],"about":[{"href":"https:\/\/linitiative.ca\/International\/wp-json\/wp\/v2\/types\/post"}],"author":[{"embeddable":true,"href":"https:\/\/linitiative.ca\/International\/wp-json\/wp\/v2\/users\/1790"}],"replies":[{"embeddable":true,"href":"https:\/\/linitiative.ca\/International\/wp-json\/wp\/v2\/comments?post=47579"}],"version-history":[{"count":0,"href":"https:\/\/linitiative.ca\/International\/wp-json\/wp\/v2\/posts\/47579\/revisions"}],"wp:attachment":[{"href":"https:\/\/linitiative.ca\/International\/wp-json\/wp\/v2\/media?parent=47579"}],"wp:term":[{"taxonomy":"category","embeddable":true,"href":"https:\/\/linitiative.ca\/International\/wp-json\/wp\/v2\/categories?post=47579"},{"taxonomy":"post_tag","embeddable":true,"href":"https:\/\/linitiative.ca\/International\/wp-json\/wp\/v2\/tags?post=47579"}],"curies":[{"name":"wp","href":"https:\/\/api.w.org\/{rel}","templated":true}]}}