{"id":47580,"date":"2019-07-21T07:44:51","date_gmt":"2019-07-21T11:44:51","guid":{"rendered":"https:\/\/linitiative.ca\/International\/92228-jm-oran-2021-inscription-de-3-400-candidats-au-benevolat\/"},"modified":"2019-07-21T07:44:51","modified_gmt":"2019-07-21T11:44:51","slug":"92228-jm-oran-2021-inscription-de-3-400-candidats-au-benevolat","status":"publish","type":"post","link":"https:\/\/linitiative.ca\/International\/92228-jm-oran-2021-inscription-de-3-400-candidats-au-benevolat\/","title":{"rendered":"JM Oran-2021: inscription de 3.400 candidats au b\u00e9n\u00e9volat"},"content":{"rendered":"<div>\n<div class=\"K2FeedImage\"><img decoding=\"async\" src=\"http:\/\/www.aps.dz\/media\/k2\/items\/cache\/b039a6a796edf25124605c2cb12773f7_S.jpg\" alt=\"JM Oran-2021: inscription de 3.400 candidats au b\u00e9n\u00e9volat\"><\/div>\n<div class=\"K2FeedIntroText\">\n<p><strong>ORAN- Quelque 3.400 candidats pour participer \u00e0 l\u2019organisation des jeux m\u00e9diterran\u00e9ens(JM) d\u2019Oran en 2021 \u00e0 titre de b\u00e9n\u00e9voles sont d\u00e9j\u00e0 inscrits en pr\u00e9vision du rendez-vous sportif que pr\u00e9pare le capitale de l\u2019Ouest du pays, a-t-on appris des organisateurs.<\/strong><\/p>\n<\/div>\n<div class=\"K2FeedFullText\">\n<p>Le comit\u00e9 d\u2019organisation local des JM table sur le nombre de 10.000 candidats pour en choisir par la suite 3.500 qui b\u00e9n\u00e9ficieront de formation sp\u00e9cifique afin d\u2019\u00eatre pr\u00eats pour assister les organisateurs dans leur t\u00e2che lors de la manifestation sportive r\u00e9gionale, pr\u00e9vue du 25 juin au 5 juillet 2021, a-t-on pr\u00e9cis\u00e9 de m\u00eame source.<\/p>\n<p>Le pr\u00e9sident de la commission de coordination du comit\u00e9 international de ces jeux (CIJM), Bernard Amselam, s\u2019est d\u00e9clar\u00e9, au cours de sa conf\u00e9rence de presse anim\u00e9e samedi \u00e0 Oran au terme d\u2019une visite de travail dans cette ville, \u00ab\u00a0satisfait de l\u2019engouement des jeunes enregistr\u00e9 jusque-l\u00e0\u00a0\u00bb.<\/p>\n<p>Il a rappel\u00e9 au passage \u00ab\u00a0le r\u00f4le important\u00a0\u00bb que jouent les b\u00e9n\u00e9voles dans l\u2019organisation des manifestations sportives d\u2019envergure, comme les JM.<\/p>\n<p>Les autorit\u00e9s locales \u00e0 Oran soulignent, de leur c\u00f4t\u00e9, avoir beaucoup mis\u00e9 sur les b\u00e9n\u00e9voles pour r\u00e9ussir la 19e \u00e9dition des JM. Le wali d\u2019Oran, avait d\u00e9clar\u00e9 auparavant que l\u2019implication des b\u00e9n\u00e9voles dans la r\u00e9ussite des JM est plus que n\u00e9cessaire pour assurer le succ\u00e8s de l\u2019\u00e9v\u00e8nement.<\/p>\n<hr>\n<p><a href=\"http:\/\/www.aps.dz\/sport\/90811-jm-oran-2021-reunir-toutes-les-conditions-pour-assurer-une-bonne-organisation\">Lire aussi: JM Oran-2021: r\u00e9unir toutes les conditions pour assurer une bonne organisation<\/a><\/p>\n<hr>\n<p>Une campagne de sensibilisation a \u00e9t\u00e9 lanc\u00e9e, il y a quelques mois en direction de la soci\u00e9t\u00e9 civile, en particulier les associations juv\u00e9niles et sportives, ainsi que les \u00e9tablissements scolaires et universitaires, d\u2019o\u00f9 les organisateurs de la manifestation sportive m\u00e9diterran\u00e9enne vont puiser pour assurer une pr\u00e9sence en masse des b\u00e9n\u00e9voles.<\/p>\n<p>D\u2019ailleurs, la majorit\u00e9 des inscrits jusque-l\u00e0 pour faire partie des b\u00e9n\u00e9voles lors des JM d\u2019Oran sont issus des universit\u00e9s et des associations de la soci\u00e9t\u00e9 civile, a-t-on encore pr\u00e9cis\u00e9.<\/p>\n<p>Les inscriptions se poursuivent au niveau des diff\u00e9rentes maisons de jeunes de la wilaya sous l\u2019\u00e9gide de l&rsquo;office local des \u00e9tablissements des jeunes (ODEJ), un organisme relevant du minist\u00e8re de la Jeunesse et des Sports.<\/p>\n<p>Derni\u00e8rement, la commission nationale de l\u2019organisation des JM s\u2019est r\u00e9unie avec les directeurs des lyc\u00e9es oranais \u00ab\u00a0pour coordonner les efforts entre les deux parties dans la perspective de mobiliser le maximum d\u2019\u00e9tudiants pour se porter b\u00e9n\u00e9voles en pr\u00e9vision des la manifestation sportive\u00a0\u00bb.<\/p>\n<\/div>\n<p><img loading=\"lazy\" decoding=\"async\" src=\"http:\/\/feeds.feedburner.com\/~r\/aps-sport\/~4\/BDII1om0_nQ\" height=\"1\" width=\"1\" alt=\"\"><\/div>\n<p>Auteur:<br \/>\n<a href=\"http:\/\/www.aps.dz\/sport\/92228-jm-oran-2021-inscription-de-3-400-candidats-au-benevolat?utm_source=feedburner&#038;utm_medium=feed&#038;utm_campaign=Feed%3A+aps-sport+%28APS+-+SPORT%29\">Cliquez ici pour lire l&rsquo;article depuis sa source.<\/a><\/p>\n","protected":false},"excerpt":{"rendered":"<p>ORAN- Quelque 3.400 candidats pour participer \u00e0 l\u2019organisation des jeux m\u00e9diterran\u00e9ens(JM) d\u2019Oran en 2021 \u00e0 titre de b\u00e9n\u00e9voles sont d\u00e9j\u00e0 inscrits en pr\u00e9vision du rendez-vous sportif que pr\u00e9pare le capitale de l\u2019Ouest du pays, a-t-on appris des organisateurs. Le comit\u00e9 d\u2019organisation local des JM table sur le nombre de 10.000 candidats pour en choisir par [&hellip;]<\/p>\n","protected":false},"author":1790,"featured_media":47581,"comment_status":"closed","ping_status":"closed","sticky":false,"template":"","format":"standard","meta":{"fifu_image_url":"","fifu_image_alt":"","footnotes":""},"categories":[53,75],"tags":[],"class_list":["post-47580","post","type-post","status-publish","format-standard","has-post-thumbnail","hentry","category-algerie","category-sport"],"_links":{"self":[{"href":"https:\/\/linitiative.ca\/International\/wp-json\/wp\/v2\/posts\/47580","targetHints":{"allow":["GET"]}}],"collection":[{"href":"https:\/\/linitiative.ca\/International\/wp-json\/wp\/v2\/posts"}],"about":[{"href":"https:\/\/linitiative.ca\/International\/wp-json\/wp\/v2\/types\/post"}],"author":[{"embeddable":true,"href":"https:\/\/linitiative.ca\/International\/wp-json\/wp\/v2\/users\/1790"}],"replies":[{"embeddable":true,"href":"https:\/\/linitiative.ca\/International\/wp-json\/wp\/v2\/comments?post=47580"}],"version-history":[{"count":0,"href":"https:\/\/linitiative.ca\/International\/wp-json\/wp\/v2\/posts\/47580\/revisions"}],"wp:featuredmedia":[{"embeddable":true,"href":"https:\/\/linitiative.ca\/International\/wp-json\/"}],"wp:attachment":[{"href":"https:\/\/linitiative.ca\/International\/wp-json\/wp\/v2\/media?parent=47580"}],"wp:term":[{"taxonomy":"category","embeddable":true,"href":"https:\/\/linitiative.ca\/International\/wp-json\/wp\/v2\/categories?post=47580"},{"taxonomy":"post_tag","embeddable":true,"href":"https:\/\/linitiative.ca\/International\/wp-json\/wp\/v2\/tags?post=47580"}],"curies":[{"name":"wp","href":"https:\/\/api.w.org\/{rel}","templated":true}]}}