{"id":47591,"date":"2019-07-21T14:42:00","date_gmt":"2019-07-21T18:42:00","guid":{"rendered":"https:\/\/linitiative.ca\/International\/cancer-du-sein-et-du-col-de-luterus-un-convoi-pour-le-diagnostic-precoce-a-mostaganem\/"},"modified":"2019-07-21T14:42:00","modified_gmt":"2019-07-21T18:42:00","slug":"cancer-du-sein-et-du-col-de-luterus-un-convoi-pour-le-diagnostic-precoce-a-mostaganem","status":"publish","type":"post","link":"https:\/\/linitiative.ca\/International\/cancer-du-sein-et-du-col-de-luterus-un-convoi-pour-le-diagnostic-precoce-a-mostaganem\/","title":{"rendered":"CANCER DU SEIN ET DU COL DE L\u2019UTERUS : Un convoi pour le diagnostic pr\u00e9coce \u00e0 Mostaganem"},"content":{"rendered":"<p><br id=\"sep_para_1\" class=\"sep_para access\"\/><\/p>\n<div id=\"para_1\" class=\"para_32235928 resize\">\n<div class=\"texte access firstletter\">Cette campagne m\u00e9dicale, qui est supervis\u00e9e par le Dr Nafoussi El Ghali, directeur de l\u2019EPSP, touchera du 18 au 22 ao\u00fbt prochains, les communes de\u00a0 Hassi Mam\u00e8che, Stidia, et Mazagran. Elle touchera \u00e9galement plusieurs communes et r\u00e9gions relevant de la commune de Mostaganem, \u00e0 partir du 15 septembre prochain , \u00e0 l\u2019image des douars de \u00ab Aizeb et Amarna \u00bb, les quartiers de Djebli Mohammed, Berais et 5 juillet , tous les moyens humains et mat\u00e9riels ont \u00e9t\u00e9 mobilis\u00e9s pour la r\u00e9ussite de ce convoi, y compris des sages-femmes, infirmi\u00e8res, une clinique \u00e9quip\u00e9e de mat\u00e9riel m\u00e9dical, des praticiens du secteur m\u00e9dical , cette campagne vise les femmes, \u00e2g\u00e9es respectivement \u00e0 partir de 30 et 45 ans. Au cours de la premi\u00e8re phase de ce convoi, il y avait une forte demande des femmes ayant b\u00e9n\u00e9fici\u00e9 du d\u00e9pistage. L\u2019EPSP a saisi cette occasion pour distribuer plusieurs affiches et d\u00e9pliants contenant des conseils et des orientations. Du coup, les m\u00e9decins ont mis l&rsquo;accent sur l&rsquo;importance de la pr\u00e9vention et du d\u00e9pistage pr\u00e9coce de cette maladie. Cette campagne a permis \u00e0 l&rsquo;assistance de prendre conscience de l&rsquo;importance d&rsquo;un d\u00e9pistage pr\u00e9coce du cancer du sein et du col de l\u2019ut\u00e9rus. Un cancer du col de l\u2019ut\u00e9rus est suspect\u00e9 si une anomalie est d\u00e9cel\u00e9e lors d\u2019un examen de d\u00e9pistage (test cervico-ut\u00e9rin) ou si des sympt\u00f4mes sont apparus. Pour \u00e9tablir le diagnostic, des pr\u00e9l\u00e8vements (biopsies ou conisation) sont r\u00e9alis\u00e9s au niveau des l\u00e9sions. C\u2019est l\u2019examen anatomopathologique de ces pr\u00e9l\u00e8vements qui confirme le diagnostic de cancer du col de l\u2019ut\u00e9rus. L\u2019\u00e9tendue de la maladie est ensuite d\u00e9termin\u00e9e gr\u00e2ce \u00e0 des examens d\u2019imagerie et en particulier par une IRM du pelvis. L\u2019ensemble des examens du diagnostic permet de caract\u00e9riser pr\u00e9cis\u00e9ment chaque cancer et de d\u00e9finir notamment le type de cellules impliqu\u00e9es (type histologique), la profondeur de la tumeur dans la muqueuse, son extension \u00e9ventuelle aux organes voisins ou aux ganglions lymphatiques proches et son extension \u00e9ventuelle \u00e0 des organes \u00e9loign\u00e9s (m\u00e9tastases). Le cancer du col de l\u2019ut\u00e9rus se d\u00e9veloppe souvent sans provoquer de sympt\u00f4mes particuliers notamment \u00e0 un stade pr\u00e9coce. C\u2019est pour cette raison qu\u2019il est indispensable d\u2019avoir un suivi gyn\u00e9cologique avec r\u00e9alisation de frottis cervico-ut\u00e9rin afin de le d\u00e9tecter le plus pr\u00e9cocement possible. Il existe \u00e9galement un ensemble de sympt\u00f4mes qui ne sont pas sp\u00e9cifiques du cancer du col de l\u2019ut\u00e9rus, mais dont la persistance ou l\u2019intensit\u00e9 peuvent \u00e9voquer une tumeur : Des m\u00e9trorragies provoqu\u00e9es : qui correspondent \u00e0 un saignement par voie basse provoqu\u00e9 par un rapport sexuel ; Des m\u00e9trorragies spontan\u00e9es : qui sont des saignements apparaissant sans causes apparentes ; Des douleurs; Des pertes vaginales blanches ;Des douleurs dans le bas-ventre avec des difficult\u00e9s pour uriner, une envie pressante et continuelle d\u2019aller \u00e0 la selle ;Des douleurs lombaires. Cette campagne\u00a0 a pour but d&rsquo;essayer de r\u00e9duire le nombre alarmant de canc\u00e9reux en Alg\u00e9rie.<\/div>\n<\/div>\n<p>Auteur: G Yacine<br \/>\n<a href=\"https:\/\/www.reflexiondz.net\/CANCER-DU-SEIN-ET-DU-COL-DE-L-UTERUS-Un-convoi-pour-le-diagnostic-precoce-a-Mostaganem_a56711.html\">Cliquez ici pour lire l&rsquo;article depuis sa source.<\/a><\/p>\n","protected":false},"excerpt":{"rendered":"<p>Cette campagne m\u00e9dicale, qui est supervis\u00e9e par le Dr Nafoussi El Ghali, directeur de l\u2019EPSP, touchera du 18 au 22 ao\u00fbt prochains, les communes de\u00a0 Hassi Mam\u00e8che, Stidia, et Mazagran. Elle touchera \u00e9galement plusieurs communes et r\u00e9gions relevant de la commune de Mostaganem, \u00e0 partir du 15 septembre prochain , \u00e0 l\u2019image des douars de [&hellip;]<\/p>\n","protected":false},"author":1740,"featured_media":0,"comment_status":"closed","ping_status":"closed","sticky":false,"template":"","format":"standard","meta":{"fifu_image_url":"","fifu_image_alt":"","footnotes":""},"categories":[53,76],"tags":[],"class_list":["post-47591","post","type-post","status-publish","format-standard","hentry","category-algerie","category-regions"],"_links":{"self":[{"href":"https:\/\/linitiative.ca\/International\/wp-json\/wp\/v2\/posts\/47591","targetHints":{"allow":["GET"]}}],"collection":[{"href":"https:\/\/linitiative.ca\/International\/wp-json\/wp\/v2\/posts"}],"about":[{"href":"https:\/\/linitiative.ca\/International\/wp-json\/wp\/v2\/types\/post"}],"author":[{"embeddable":true,"href":"https:\/\/linitiative.ca\/International\/wp-json\/wp\/v2\/users\/1740"}],"replies":[{"embeddable":true,"href":"https:\/\/linitiative.ca\/International\/wp-json\/wp\/v2\/comments?post=47591"}],"version-history":[{"count":0,"href":"https:\/\/linitiative.ca\/International\/wp-json\/wp\/v2\/posts\/47591\/revisions"}],"wp:attachment":[{"href":"https:\/\/linitiative.ca\/International\/wp-json\/wp\/v2\/media?parent=47591"}],"wp:term":[{"taxonomy":"category","embeddable":true,"href":"https:\/\/linitiative.ca\/International\/wp-json\/wp\/v2\/categories?post=47591"},{"taxonomy":"post_tag","embeddable":true,"href":"https:\/\/linitiative.ca\/International\/wp-json\/wp\/v2\/tags?post=47591"}],"curies":[{"name":"wp","href":"https:\/\/api.w.org\/{rel}","templated":true}]}}