{"id":47592,"date":"2019-07-21T14:49:00","date_gmt":"2019-07-21T18:49:00","guid":{"rendered":"https:\/\/linitiative.ca\/International\/hafid-derradji-qualifie-de-terroriste\/"},"modified":"2019-07-21T14:49:00","modified_gmt":"2019-07-21T18:49:00","slug":"hafid-derradji-qualifie-de-terroriste","status":"publish","type":"post","link":"https:\/\/linitiative.ca\/International\/hafid-derradji-qualifie-de-terroriste\/","title":{"rendered":"Hafid Derradji qualifi\u00e9 de \u2018\u2019terroriste\u2019\u2019"},"content":{"rendered":"<p><br id=\"sep_para_1\" class=\"sep_para access\"\/><\/p>\n<div id=\"para_1\" class=\"para_32235993 resize\">\n<div class=\"texte access firstletter\">Le pr\u00e9sident du Zamalek, l\u2019avocat Mortada Mansour qui n\u2019a pas sa langue dans sa poche a qualifi\u00e9\u00a0\u00a0 le pr\u00e9sentateur sportif de Beinsport, Hafid Derradji de \u00abterroriste\u00bb pour avoir rendu visite \u00e0 la famille de Mohamed Aboutrika lors d\u2019une \u00e9mission d\u00e9di\u00e9e au Zamalek sur la cha\u00eene \u00e9gyptienne Mehwar TV. Il y a 5 jours, Derradji s\u2019est d\u00e9plac\u00e9 pour rencontrer la m\u00e8re de Mohamed Aboutrika et a pris quelques photos, partag\u00e9es par la suite sur les r\u00e9seaux sociaux. Aboutrika, ind\u00e9sirable aupr\u00e8s des autorit\u00e9s de son pays et interdit d\u2019entr\u00e9e en \u00c9gypte depuis plusieurs ann\u00e9es est en effet soup\u00e7onn\u00e9 au m\u00eame titre que Mohamed Salah de soutenir le mouvement islamiste des Fr\u00e8res Musulmans en Egypte. Le mouvement des fr\u00e8res musulmans est accus\u00e9 par le pouvoir \u00e9gyptien de commettre depuis la chute de Mohamed Morsi, d\u00e9c\u00e9d\u00e9 il y a un mois, des attentats contre les \u00e9l\u00e9ments des services de s\u00e9curit\u00e9 et des militaires dans le nord du Sinai. Depuis 2013, l\u2019ancien attaquant d\u2019Al Ahly et des Pharaons d\u2019\u00c9gypte vit en exil au Qatar.<\/div>\n<\/div>\n<p>Auteur: R\u00e9flexion<br \/>\n<a href=\"https:\/\/www.reflexiondz.net\/Hafid-Derradji-qualifie-de-terroriste_a56722.html\">Cliquez ici pour lire l&rsquo;article depuis sa source.<\/a><\/p>\n","protected":false},"excerpt":{"rendered":"<p>Le pr\u00e9sident du Zamalek, l\u2019avocat Mortada Mansour qui n\u2019a pas sa langue dans sa poche a qualifi\u00e9\u00a0\u00a0 le pr\u00e9sentateur sportif de Beinsport, Hafid Derradji de \u00abterroriste\u00bb pour avoir rendu visite \u00e0 la famille de Mohamed Aboutrika lors d\u2019une \u00e9mission d\u00e9di\u00e9e au Zamalek sur la cha\u00eene \u00e9gyptienne Mehwar TV. Il y a 5 jours, Derradji s\u2019est [&hellip;]<\/p>\n","protected":false},"author":1740,"featured_media":0,"comment_status":"closed","ping_status":"closed","sticky":false,"template":"","format":"standard","meta":{"fifu_image_url":"","fifu_image_alt":"","footnotes":""},"categories":[53,76],"tags":[],"class_list":["post-47592","post","type-post","status-publish","format-standard","hentry","category-algerie","category-regions"],"_links":{"self":[{"href":"https:\/\/linitiative.ca\/International\/wp-json\/wp\/v2\/posts\/47592","targetHints":{"allow":["GET"]}}],"collection":[{"href":"https:\/\/linitiative.ca\/International\/wp-json\/wp\/v2\/posts"}],"about":[{"href":"https:\/\/linitiative.ca\/International\/wp-json\/wp\/v2\/types\/post"}],"author":[{"embeddable":true,"href":"https:\/\/linitiative.ca\/International\/wp-json\/wp\/v2\/users\/1740"}],"replies":[{"embeddable":true,"href":"https:\/\/linitiative.ca\/International\/wp-json\/wp\/v2\/comments?post=47592"}],"version-history":[{"count":0,"href":"https:\/\/linitiative.ca\/International\/wp-json\/wp\/v2\/posts\/47592\/revisions"}],"wp:attachment":[{"href":"https:\/\/linitiative.ca\/International\/wp-json\/wp\/v2\/media?parent=47592"}],"wp:term":[{"taxonomy":"category","embeddable":true,"href":"https:\/\/linitiative.ca\/International\/wp-json\/wp\/v2\/categories?post=47592"},{"taxonomy":"post_tag","embeddable":true,"href":"https:\/\/linitiative.ca\/International\/wp-json\/wp\/v2\/tags?post=47592"}],"curies":[{"name":"wp","href":"https:\/\/api.w.org\/{rel}","templated":true}]}}