{"id":47593,"date":"2019-07-21T14:49:00","date_gmt":"2019-07-21T18:49:00","guid":{"rendered":"https:\/\/linitiative.ca\/International\/crise-politique-les-partis-de-lalternative-democratique-rejettent-le-dialogue\/"},"modified":"2019-07-21T14:49:00","modified_gmt":"2019-07-21T18:49:00","slug":"crise-politique-les-partis-de-lalternative-democratique-rejettent-le-dialogue","status":"publish","type":"post","link":"https:\/\/linitiative.ca\/International\/crise-politique-les-partis-de-lalternative-democratique-rejettent-le-dialogue\/","title":{"rendered":"CRISE POLITIQUE : Les partis de l\u2019alternative d\u00e9mocratique rejettent le dialogue"},"content":{"rendered":"<p><br id=\"sep_para_1\" class=\"sep_para access\"\/><\/p>\n<div id=\"para_1\" class=\"para_32235964 resize\">\n<div class=\"texte access firstletter\">Les partis politiques regroup\u00e9s au sein des \u00abforces de l\u2019alternative d\u00e9mocratique\u00bb, rejettent cat\u00e9goriquement\u00a0 tout dialogue avec les autorit\u00e9s tant que des d\u00e9tenus d\u2019opinion sont en prison. Dans un communiqu\u00e9 sanctionnant leur r\u00e9union ce dimanche au si\u00e8ge du RCD, ces partis annoncent \u00e9galement la tenue le 31 ao\u00fbt prochain, d\u2019une rencontre \u00abdu consensus national\u00bb en vue \u00abd\u2019\u00e9largir et g\u00e9n\u00e9raliser le manifeste de la vraie transition d\u00e9mocratique\u00bb. \u00abToutes les tentatives du pouvoir de r\u00e9soudre la crise sont inacceptables sauf si tous les d\u00e9tenus politiques sont lib\u00e9r\u00e9s et le renvoi de tous les symboles du syst\u00e8me\u00bb, lit-on dans le communiqu\u00e9 des forces de l\u2019alternative d\u00e9mocratique. Ce regroupement d\u2019une dizaine de partis et des syndicats autonomes, pr\u00e9cise \u00e9galement qu\u2019il ne saurait y avoir de dialogue que si \u00abtous les appareils de r\u00e9pression cessent leurs agissements ainsi que l\u2019instrumentalisation de la justice et l\u2019ouverture des champs politiques et m\u00e9diatiques\u00bb. Ces partis ont par ailleurs r\u00e9it\u00e9r\u00e9 l\u2019exigence d\u2019une p\u00e9riode de transition\u00a0 \u00abn\u00e9cessaire pour asseoir un climat politique et institutionnel sans lesquels aucune tentative de rupture avec le syst\u00e8me serait vaine\u00bb. Ce conglom\u00e9rat politique n\u2019a pas manqu\u00e9 d\u2019appeler toute les \u00abforces nationales d\u00e9mocratiques\u00bb \u00e0 rejoindre ce regroupement pour \u00abmaintenir l\u2019espoir de concr\u00e9tiser l\u2019alternative d\u00e9mocratique\u00bb. Signalons que la derni\u00e8re r\u00e9union de ce type a eu lieu le 26 juin dernier dont le clou aura \u00e9t\u00e9 l&rsquo;intervention d\u00e9capante de l&rsquo;officier de l&rsquo;ALN, Lakhdar Bourega\u00e2, qui s&rsquo;en \u00e9tait pris \u00e0 l&rsquo;arm\u00e9e. Des propos qui lui ont valu d&rsquo;\u00eatre plac\u00e9 sous mandat de d\u00e9p\u00f4t.\u00a0\u00a0\u00a0\u00a0\u00a0\u00a0<\/div>\n<\/div>\n<p>Auteur: Nadine<br \/>\n<a href=\"https:\/\/www.reflexiondz.net\/CRISE-POLITIQUE-Les-partis-de-l-alternative-democratique-rejettent-le-dialogue_a56717.html\">Cliquez ici pour lire l&rsquo;article depuis sa source.<\/a><\/p>\n","protected":false},"excerpt":{"rendered":"<p>Les partis politiques regroup\u00e9s au sein des \u00abforces de l\u2019alternative d\u00e9mocratique\u00bb, rejettent cat\u00e9goriquement\u00a0 tout dialogue avec les autorit\u00e9s tant que des d\u00e9tenus d\u2019opinion sont en prison. Dans un communiqu\u00e9 sanctionnant leur r\u00e9union ce dimanche au si\u00e8ge du RCD, ces partis annoncent \u00e9galement la tenue le 31 ao\u00fbt prochain, d\u2019une rencontre \u00abdu consensus national\u00bb en vue [&hellip;]<\/p>\n","protected":false},"author":1740,"featured_media":0,"comment_status":"closed","ping_status":"closed","sticky":false,"template":"","format":"standard","meta":{"fifu_image_url":"","fifu_image_alt":"","footnotes":""},"categories":[53,76],"tags":[],"class_list":["post-47593","post","type-post","status-publish","format-standard","hentry","category-algerie","category-regions"],"_links":{"self":[{"href":"https:\/\/linitiative.ca\/International\/wp-json\/wp\/v2\/posts\/47593","targetHints":{"allow":["GET"]}}],"collection":[{"href":"https:\/\/linitiative.ca\/International\/wp-json\/wp\/v2\/posts"}],"about":[{"href":"https:\/\/linitiative.ca\/International\/wp-json\/wp\/v2\/types\/post"}],"author":[{"embeddable":true,"href":"https:\/\/linitiative.ca\/International\/wp-json\/wp\/v2\/users\/1740"}],"replies":[{"embeddable":true,"href":"https:\/\/linitiative.ca\/International\/wp-json\/wp\/v2\/comments?post=47593"}],"version-history":[{"count":0,"href":"https:\/\/linitiative.ca\/International\/wp-json\/wp\/v2\/posts\/47593\/revisions"}],"wp:attachment":[{"href":"https:\/\/linitiative.ca\/International\/wp-json\/wp\/v2\/media?parent=47593"}],"wp:term":[{"taxonomy":"category","embeddable":true,"href":"https:\/\/linitiative.ca\/International\/wp-json\/wp\/v2\/categories?post=47593"},{"taxonomy":"post_tag","embeddable":true,"href":"https:\/\/linitiative.ca\/International\/wp-json\/wp\/v2\/tags?post=47593"}],"curies":[{"name":"wp","href":"https:\/\/api.w.org\/{rel}","templated":true}]}}