{"id":47595,"date":"2019-07-21T14:49:00","date_gmt":"2019-07-21T18:49:00","guid":{"rendered":"https:\/\/linitiative.ca\/International\/tamanrasset-un-arsenal-de-guerre-decouvert-pres-de-la-frontiere-avec-le-mali\/"},"modified":"2019-07-21T14:49:00","modified_gmt":"2019-07-21T18:49:00","slug":"tamanrasset-un-arsenal-de-guerre-decouvert-pres-de-la-frontiere-avec-le-mali","status":"publish","type":"post","link":"https:\/\/linitiative.ca\/International\/tamanrasset-un-arsenal-de-guerre-decouvert-pres-de-la-frontiere-avec-le-mali\/","title":{"rendered":"TAMANRASSET : Un arsenal de guerre d\u00e9couvert pr\u00e8s de la fronti\u00e8re avec le Mali"},"content":{"rendered":"<p><br id=\"sep_para_1\" class=\"sep_para access\"\/><\/p>\n<div id=\"para_1\" class=\"para_32235981 resize\">\n<div class=\"texte access firstletter\">Un arsenal de guerre a \u00e9t\u00e9 d\u00e9couvert par un d\u00e9tachement de l\u2019Arm\u00e9e nationale populaire pr\u00e8s de la fronti\u00e8re avec le Mali. \u00ab Dans le cadre de la lutte antiterroriste et de la s\u00e9curisation des fronti\u00e8res, et gr\u00e2ce \u00e0 l\u2019exploitation de renseignements, un d\u00e9tachement de l\u2019Arm\u00e9e nationale populaire a d\u00e9couvert en coordination avec les services des Douanes alg\u00e9riennes, le 20 juillet 2019 lors d\u2019une patrouille de fouille men\u00e9e pr\u00e8s des fronti\u00e8res sud \u00e0 Tamanrasset (6\u00e8me R\u00e9gion Militaire), une cache d\u2019armes et de munitions \u00bb, a indiqu\u00e9 ce dimanche un communiqu\u00e9 du minist\u00e8re de la D\u00e9fense nationale. La cache contenait ainsi :\u00a0\u00a0 (01) Mitrailleuse de type RPK, (03) fusils semi-automatiques de type Simonov , (01) fusil de type G-3, (01) viseur,\u00a0 (08) obus pour mortiers de calibre 82 mm, ainsi que deux (02) chargeurs de munitions et (552) balles de diff\u00e9rents calibres. \u00ab Ces r\u00e9sultats r\u00e9alis\u00e9s sur le terrain r\u00e9it\u00e8rent, une fois de plus, l\u2019engagement et la r\u00e9solution des unit\u00e9s de l\u2019Arm\u00e9e Nationale Populaire \u00e0 s\u00e9curiser nos fronti\u00e8res et d\u00e9jouer toute tentative d\u2019atteinte \u00e0 l\u2019int\u00e9grit\u00e9 et la s\u00e9curit\u00e9 du territoire national \u00bb, estime le MDN.\u00a0\u00a0\u00a0\u00a0<\/div>\n<\/div>\n<p>Auteur: Ismain<br \/>\n<a href=\"https:\/\/www.reflexiondz.net\/TAMANRASSET-Un-arsenal-de-guerre-decouvert-pres-de-la-frontiere-avec-le-Mali_a56720.html\">Cliquez ici pour lire l&rsquo;article depuis sa source.<\/a><\/p>\n","protected":false},"excerpt":{"rendered":"<p>Un arsenal de guerre a \u00e9t\u00e9 d\u00e9couvert par un d\u00e9tachement de l\u2019Arm\u00e9e nationale populaire pr\u00e8s de la fronti\u00e8re avec le Mali. \u00ab Dans le cadre de la lutte antiterroriste et de la s\u00e9curisation des fronti\u00e8res, et gr\u00e2ce \u00e0 l\u2019exploitation de renseignements, un d\u00e9tachement de l\u2019Arm\u00e9e nationale populaire a d\u00e9couvert en coordination avec les services des [&hellip;]<\/p>\n","protected":false},"author":1740,"featured_media":0,"comment_status":"closed","ping_status":"closed","sticky":false,"template":"","format":"standard","meta":{"fifu_image_url":"","fifu_image_alt":"","footnotes":""},"categories":[53,76],"tags":[],"class_list":["post-47595","post","type-post","status-publish","format-standard","hentry","category-algerie","category-regions"],"_links":{"self":[{"href":"https:\/\/linitiative.ca\/International\/wp-json\/wp\/v2\/posts\/47595","targetHints":{"allow":["GET"]}}],"collection":[{"href":"https:\/\/linitiative.ca\/International\/wp-json\/wp\/v2\/posts"}],"about":[{"href":"https:\/\/linitiative.ca\/International\/wp-json\/wp\/v2\/types\/post"}],"author":[{"embeddable":true,"href":"https:\/\/linitiative.ca\/International\/wp-json\/wp\/v2\/users\/1740"}],"replies":[{"embeddable":true,"href":"https:\/\/linitiative.ca\/International\/wp-json\/wp\/v2\/comments?post=47595"}],"version-history":[{"count":0,"href":"https:\/\/linitiative.ca\/International\/wp-json\/wp\/v2\/posts\/47595\/revisions"}],"wp:attachment":[{"href":"https:\/\/linitiative.ca\/International\/wp-json\/wp\/v2\/media?parent=47595"}],"wp:term":[{"taxonomy":"category","embeddable":true,"href":"https:\/\/linitiative.ca\/International\/wp-json\/wp\/v2\/categories?post=47595"},{"taxonomy":"post_tag","embeddable":true,"href":"https:\/\/linitiative.ca\/International\/wp-json\/wp\/v2\/tags?post=47595"}],"curies":[{"name":"wp","href":"https:\/\/api.w.org\/{rel}","templated":true}]}}