{"id":47596,"date":"2019-07-21T14:49:00","date_gmt":"2019-07-21T18:49:00","guid":{"rendered":"https:\/\/linitiative.ca\/International\/grogne-des-imams-hadjimi-menace-dun-vendredi-blanc\/"},"modified":"2019-07-21T14:49:00","modified_gmt":"2019-07-21T18:49:00","slug":"grogne-des-imams-hadjimi-menace-dun-vendredi-blanc","status":"publish","type":"post","link":"https:\/\/linitiative.ca\/International\/grogne-des-imams-hadjimi-menace-dun-vendredi-blanc\/","title":{"rendered":"GROGNE DES IMAMS  : Hadjimi menace  d\u2019un vendredi blanc !"},"content":{"rendered":"<p><br id=\"sep_para_1\" class=\"sep_para access\"\/><\/p>\n<div id=\"para_1\" class=\"para_32235977 resize\">\n<div class=\"texte access firstletter\">\u00ab Nous avons saisi toutes les instances responsables et si rien ne sera fait au cours de cette semaine, nous allons passer \u00e0 des actions plus spectaculaires, faire dans l\u2019escalade si on n\u2019a pas le choix \u00ab\u00a0 a affirm\u00e9, le Secr\u00e9taire g\u00e9n\u00e9ral du syndicat des imams, cit\u00e9\u00a0 ce dimanche par le quotidien d\u2019Oran. Les imams envisagent de menacer et de radicaliser leurs actions de contestation. Les imams comptent organiser des sit-in devant le si\u00e8ge du gouvernement, avise Djelloul Hadjimi, rapporte la m\u00eame source. Dans cette veine, et si, mercredi pass\u00e9, quelques dizaines d\u2019imams ont lanc\u00e9 un coup de semonce en observant un sit in devant le si\u00e8ge de l\u2019UGTA \u00e0 Alger,\u00a0 le secr\u00e9taire g\u00e9n\u00e9ral du syndicat des imams, Djelloul Hadjimi a clairement hauss\u00e9 le ton. L\u2019imp\u00e9tueux guide des imams a donn\u00e9 un ultimatum pour cette semaine en cours aux pouvoirs publics pour se pencher sur leurs revendications, faute de quoi \u00abnous allons passer \u00e0 des actions plus spectaculaires, faire dans l\u2019escalade si on n\u2019a pas le choix\u00bb a-t-il tonn\u00e9. Il y a peu de temps, le SG de la Coordination nationale des imams avait eu \u00e0 dessiner les pourtours des\u00a0 actions projet\u00e9es, tel le vendredi blanc o\u00f9 l&rsquo;imam boycottera le Minbar ou, de fa\u00e7on plus radicale, la d\u00e9mission collective. Entretemps, Djelloul Hadjimi entrevoit de tenir des sit- in soutenus devant le si\u00e8ge du Gouvernement. Pour rappel, les revendications\u00a0 des imams portent essentiellement sur \u00abla protection de l\u2019imam dans l\u2019exercice de ses fonctions ainsi que\u00a0 le r\u00e8glement de ses probl\u00e8mes au quotidien\u00bb, souligne Hadjimi.<\/div>\n<\/div>\n<p>Auteur: Ismain<br \/>\n<a href=\"https:\/\/www.reflexiondz.net\/GROGNE-DES-IMAMS-Hadjimi-menace-d-un-vendredi-blanc-_a56719.html\">Cliquez ici pour lire l&rsquo;article depuis sa source.<\/a><\/p>\n","protected":false},"excerpt":{"rendered":"<p>\u00ab Nous avons saisi toutes les instances responsables et si rien ne sera fait au cours de cette semaine, nous allons passer \u00e0 des actions plus spectaculaires, faire dans l\u2019escalade si on n\u2019a pas le choix \u00ab\u00a0 a affirm\u00e9, le Secr\u00e9taire g\u00e9n\u00e9ral du syndicat des imams, cit\u00e9\u00a0 ce dimanche par le quotidien d\u2019Oran. Les imams [&hellip;]<\/p>\n","protected":false},"author":1740,"featured_media":0,"comment_status":"closed","ping_status":"closed","sticky":false,"template":"","format":"standard","meta":{"fifu_image_url":"","fifu_image_alt":"","footnotes":""},"categories":[53,76],"tags":[],"class_list":["post-47596","post","type-post","status-publish","format-standard","hentry","category-algerie","category-regions"],"_links":{"self":[{"href":"https:\/\/linitiative.ca\/International\/wp-json\/wp\/v2\/posts\/47596","targetHints":{"allow":["GET"]}}],"collection":[{"href":"https:\/\/linitiative.ca\/International\/wp-json\/wp\/v2\/posts"}],"about":[{"href":"https:\/\/linitiative.ca\/International\/wp-json\/wp\/v2\/types\/post"}],"author":[{"embeddable":true,"href":"https:\/\/linitiative.ca\/International\/wp-json\/wp\/v2\/users\/1740"}],"replies":[{"embeddable":true,"href":"https:\/\/linitiative.ca\/International\/wp-json\/wp\/v2\/comments?post=47596"}],"version-history":[{"count":0,"href":"https:\/\/linitiative.ca\/International\/wp-json\/wp\/v2\/posts\/47596\/revisions"}],"wp:attachment":[{"href":"https:\/\/linitiative.ca\/International\/wp-json\/wp\/v2\/media?parent=47596"}],"wp:term":[{"taxonomy":"category","embeddable":true,"href":"https:\/\/linitiative.ca\/International\/wp-json\/wp\/v2\/categories?post=47596"},{"taxonomy":"post_tag","embeddable":true,"href":"https:\/\/linitiative.ca\/International\/wp-json\/wp\/v2\/tags?post=47596"}],"curies":[{"name":"wp","href":"https:\/\/api.w.org\/{rel}","templated":true}]}}