{"id":47598,"date":"2019-07-21T14:53:00","date_gmt":"2019-07-21T18:53:00","guid":{"rendered":"https:\/\/linitiative.ca\/International\/makri-justifie-sa-rencontre-avec-said\/"},"modified":"2019-07-21T14:53:00","modified_gmt":"2019-07-21T18:53:00","slug":"makri-justifie-sa-rencontre-avec-said","status":"publish","type":"post","link":"https:\/\/linitiative.ca\/International\/makri-justifie-sa-rencontre-avec-said\/","title":{"rendered":"Makri justifie sa rencontre avec Sa\u00efd"},"content":{"rendered":"<p><br id=\"sep_para_1\" class=\"sep_para access\"\/><\/p>\n<div id=\"para_1\" class=\"para_32235997 resize\">\n<div class=\"texte access firstletter\">Le chef du MSP, Abderrazak Makri, semble n\u2019avoir pas tout r\u00e9v\u00e9l\u00e9 de ses relations troubles avec les d\u00e9cideurs du r\u00e9gime de Bouteflika. Lors d\u2019une intervention, samedi, devant les militants \u00e0 Alger, il a d\u00e9clar\u00e9 que \u00abla lutte des clans s\u2019\u00e9tait intensifi\u00e9e apr\u00e8s la maladie du Pr\u00e9sident. Nous avions compris ce qui s\u2019est pass\u00e9 et avions avis\u00e9 l\u2019opinion publique. Nous n\u2019avions pas cess\u00e9 de d\u00e9noncer et d\u2019informer\u00bb, rel\u00e8ve-t-il. Et d\u2019ajouter : \u00abNous avions essay\u00e9 de substituer au plan qui \u00e9tait en cours de pr\u00e9paration un plan salutaire qui s\u2019est traduit par l\u2019initiative du consensus national.\u00bb Dans le m\u00eame sillage, le chef de file des islamistes a \u00e9voqu\u00e9 les rencontres qu\u2019il a eues avec l\u2019entourage du Pr\u00e9sident environnant et, notamment, avec son fr\u00e8re conseiller. \u00abLors de nos entretiens, nous avions r\u00e9alis\u00e9 que le bras de fer serait long et qu\u2019aucun des clans ne serait en mesure de trancher le conflit en sa faveur\u00bb, affirme-t-il. Et d\u2019encha\u00eener : \u00abNous savions que le maillon faible \u00e9tait la Pr\u00e9sidence.\u00bb<\/div>\n<\/div>\n<p>Auteur: R\u00e9flexion<br \/>\n<a href=\"https:\/\/www.reflexiondz.net\/Makri-justifie-sa-rencontre-avec-Said_a56724.html\">Cliquez ici pour lire l&rsquo;article depuis sa source.<\/a><\/p>\n","protected":false},"excerpt":{"rendered":"<p>Le chef du MSP, Abderrazak Makri, semble n\u2019avoir pas tout r\u00e9v\u00e9l\u00e9 de ses relations troubles avec les d\u00e9cideurs du r\u00e9gime de Bouteflika. Lors d\u2019une intervention, samedi, devant les militants \u00e0 Alger, il a d\u00e9clar\u00e9 que \u00abla lutte des clans s\u2019\u00e9tait intensifi\u00e9e apr\u00e8s la maladie du Pr\u00e9sident. Nous avions compris ce qui s\u2019est pass\u00e9 et avions [&hellip;]<\/p>\n","protected":false},"author":1740,"featured_media":0,"comment_status":"closed","ping_status":"closed","sticky":false,"template":"","format":"standard","meta":{"fifu_image_url":"","fifu_image_alt":"","footnotes":""},"categories":[53,76],"tags":[],"class_list":["post-47598","post","type-post","status-publish","format-standard","hentry","category-algerie","category-regions"],"_links":{"self":[{"href":"https:\/\/linitiative.ca\/International\/wp-json\/wp\/v2\/posts\/47598","targetHints":{"allow":["GET"]}}],"collection":[{"href":"https:\/\/linitiative.ca\/International\/wp-json\/wp\/v2\/posts"}],"about":[{"href":"https:\/\/linitiative.ca\/International\/wp-json\/wp\/v2\/types\/post"}],"author":[{"embeddable":true,"href":"https:\/\/linitiative.ca\/International\/wp-json\/wp\/v2\/users\/1740"}],"replies":[{"embeddable":true,"href":"https:\/\/linitiative.ca\/International\/wp-json\/wp\/v2\/comments?post=47598"}],"version-history":[{"count":0,"href":"https:\/\/linitiative.ca\/International\/wp-json\/wp\/v2\/posts\/47598\/revisions"}],"wp:attachment":[{"href":"https:\/\/linitiative.ca\/International\/wp-json\/wp\/v2\/media?parent=47598"}],"wp:term":[{"taxonomy":"category","embeddable":true,"href":"https:\/\/linitiative.ca\/International\/wp-json\/wp\/v2\/categories?post=47598"},{"taxonomy":"post_tag","embeddable":true,"href":"https:\/\/linitiative.ca\/International\/wp-json\/wp\/v2\/tags?post=47598"}],"curies":[{"name":"wp","href":"https:\/\/api.w.org\/{rel}","templated":true}]}}