{"id":47616,"date":"2019-07-21T06:00:00","date_gmt":"2019-07-21T10:00:00","guid":{"rendered":"https:\/\/linitiative.ca\/International\/le-zoulou-blanc-rejoint-mandela\/"},"modified":"2019-07-21T06:00:00","modified_gmt":"2019-07-21T10:00:00","slug":"le-zoulou-blanc-rejoint-mandela","status":"publish","type":"post","link":"https:\/\/linitiative.ca\/International\/le-zoulou-blanc-rejoint-mandela\/","title":{"rendered":"Le \u00abZoulou blanc\u00bb rejoint Mandela"},"content":{"rendered":"<p>Johnny Clegg avait puis\u00e9 dans la culture zouloue son inspiration pour concevoir une musique m\u00ealant rythmes africains et pop occidentale.\u00a0 \u00a0Un de ses plus grands tubes plan\u00e9taires, Asimbonanga, est d\u00e9di\u00e9 \u00e0 Nelson Mandela, le h\u00e9ros de la lutte anti-apartheid.\u00a0<br \/>Johnny Clegg, qui nous a quitt\u00e9s mardi dernier, est lui aussi un h\u00e9ros de la lutte anti-apartheid. Son surnom r\u00e9sume \u00e0 merveille son combat et son engagement :\u00a0 le \u00abZoulou blanc\u00bb.<br \/>K. B.<br \/>bakoukader@yahoo.fr<\/p>\n<p>Auteur:<br \/>\n<a href=\"https:\/\/www.lesoirdalgerie.com\/culture\/le-zoulou-blanc-rejoint-mandela-27335\">Cliquez ici pour lire l&rsquo;article depuis sa source.<\/a><\/p>\n","protected":false},"excerpt":{"rendered":"<p>Johnny Clegg avait puis\u00e9 dans la culture zouloue son inspiration pour concevoir une musique m\u00ealant rythmes africains et pop occidentale.\u00a0 \u00a0Un de ses plus grands tubes plan\u00e9taires, Asimbonanga, est d\u00e9di\u00e9 \u00e0 Nelson Mandela, le h\u00e9ros de la lutte anti-apartheid.\u00a0Johnny Clegg, qui nous a quitt\u00e9s mardi dernier, est lui aussi un h\u00e9ros de la lutte anti-apartheid. [&hellip;]<\/p>\n","protected":false},"author":1741,"featured_media":0,"comment_status":"closed","ping_status":"closed","sticky":false,"template":"","format":"standard","meta":{"fifu_image_url":"","fifu_image_alt":"","footnotes":""},"categories":[73,53],"tags":[],"class_list":["post-47616","post","type-post","status-publish","format-standard","hentry","category-actualite","category-algerie"],"_links":{"self":[{"href":"https:\/\/linitiative.ca\/International\/wp-json\/wp\/v2\/posts\/47616","targetHints":{"allow":["GET"]}}],"collection":[{"href":"https:\/\/linitiative.ca\/International\/wp-json\/wp\/v2\/posts"}],"about":[{"href":"https:\/\/linitiative.ca\/International\/wp-json\/wp\/v2\/types\/post"}],"author":[{"embeddable":true,"href":"https:\/\/linitiative.ca\/International\/wp-json\/wp\/v2\/users\/1741"}],"replies":[{"embeddable":true,"href":"https:\/\/linitiative.ca\/International\/wp-json\/wp\/v2\/comments?post=47616"}],"version-history":[{"count":0,"href":"https:\/\/linitiative.ca\/International\/wp-json\/wp\/v2\/posts\/47616\/revisions"}],"wp:attachment":[{"href":"https:\/\/linitiative.ca\/International\/wp-json\/wp\/v2\/media?parent=47616"}],"wp:term":[{"taxonomy":"category","embeddable":true,"href":"https:\/\/linitiative.ca\/International\/wp-json\/wp\/v2\/categories?post=47616"},{"taxonomy":"post_tag","embeddable":true,"href":"https:\/\/linitiative.ca\/International\/wp-json\/wp\/v2\/tags?post=47616"}],"curies":[{"name":"wp","href":"https:\/\/api.w.org\/{rel}","templated":true}]}}