{"id":47617,"date":"2019-07-21T06:00:00","date_gmt":"2019-07-21T10:00:00","guid":{"rendered":"https:\/\/linitiative.ca\/International\/la-bonne-etoile-de-lensemble-safar\/"},"modified":"2019-07-21T06:00:00","modified_gmt":"2019-07-21T10:00:00","slug":"la-bonne-etoile-de-lensemble-safar","status":"publish","type":"post","link":"https:\/\/linitiative.ca\/International\/la-bonne-etoile-de-lensemble-safar\/","title":{"rendered":"La bonne \u00abEtoile\u00bb de l&rsquo;Ensemble Safar"},"content":{"rendered":"<p>Le concert \u00abMon \u00e9toile\u00bb, une mise en valeur du\u00a0 patrimoine musical et litt\u00e9raire alg\u00e9rien dans la nostalgie et le souvenir,\u00a0 a \u00e9t\u00e9 pr\u00e9sent\u00e9 mercredi soir \u00e0 Alger, par l&rsquo;Ensemble andalou Safar,\u00a0 dirig\u00e9 par le maestro Khalil Baba Ahmed, devant un public relativement nombreux. Accueilli \u00e0 l&rsquo;Op\u00e9ra d&rsquo;Alger Boualem-Bessa\u00efh, le spectacle restitue la tradition ancestrale, \u00e0 travers un voyage onirique empreint de cr\u00e9ativit\u00e9, invitant \u00e0 une immersion dans la musique et la chanson alg\u00e9rienne d&rsquo;antan, permettant ainsi de red\u00e9couvrir la richesse du patrimoine culturel dans sa\u00a0 diversit\u00e9.\u00a0<br \/>R\u00e9sultat d&rsquo;un projet r\u00e9unissant cr\u00e9ation musicale, chant, \u00e9crits litt\u00e9raires et po\u00e9tiques, narration et spectacle visuel, \u00abMon \u00e9toile\u00bb est le fruit d&rsquo;une synergie entre les jeunes musiciens de l&rsquo;orchestre, issus de\u00a0 diff\u00e9rentes r\u00e9gions d&rsquo;Alg\u00e9rie, qui ont r\u00e9ussi \u00e0 cr\u00e9er autour de leur directeur artistique un collectif au service de la culture alg\u00e9rienne. Sur un sc\u00e9nario de C\u00e9lia Zidelmal au violon, une musique sign\u00e9e par\u00a0 l&rsquo;Ensemble Safar, quelques reprises de pionniers de la chanson alg\u00e9rienne arrang\u00e9es par Khalil Baba Ahmed, qui a \u00e9galement enrichi le rendu de la soir\u00e9e avec quelques-unes de ses compositions. L&rsquo;histoire de Nedjma, jeune\u00a0 demoiselle au parcours prolifique plein d&rsquo;enseignements, est brillamment narr\u00e9e par Fatma-Zohra Hemmouche au o\u00fbd\u00a0 qui a, par ailleurs, assur\u00e9 l&rsquo;adaptation du texte.\u00a0 \u00a0<br \/>\u00a0Mettant en valeur le patrimoine dans toute sa splendeur, une quarantaine de musiciens, venus essentiellement des trois grandes \u00e9coles de musique andalouse, el ghernati de Tlemcen, \u00e7ana\u00e2 d&rsquo;Alger et le malouf de Constantine, ont ex\u00e9cut\u00e9 une vingtaine de pi\u00e8ces, illustrant les quatre chapitres de l&rsquo;histoire de \u00abNedjma\u00bb, passionn\u00e9e d&rsquo;art, d&rsquo;histoire et de litt\u00e9rature, qui voyagera de Tlemcen \u00e0 Constantine, puis en Kabylie, avant de finir \u00e0 Alger.\u00a0<br \/>Le pr\u00e9texte \u00e9tant bien trouv\u00e9, le public a \u00e9t\u00e9 embarqu\u00e9, une centaine de\u00a0 minutes durant, dans une belle randonn\u00e9e, red\u00e9couvrant l&rsquo;histoire de la\u00a0 musique andalouse et du chant soufi avec ses po\u00e9sies mythiques, \u00e0 l&rsquo;instar de celles des cheikhs Bentriki et Bensahla, et d&rsquo;habiller le premier chapitre de vieilles images de l&rsquo;ancien Tlemcen et rendre dans le genre hawzi, notamment, les pi\u00e8ces Ana leghrib et Ya talla behwak.\u00a0<br \/>Dans un \u00e9lan plein de nostalgie, la narration titille le souvenir et les\u00a0 chapitres sont \u00e9tal\u00e9s sur l&rsquo;air, interpr\u00e9t\u00e9 dans le mode raml el maya\u00a0 d&rsquo;un krici (introduction musicale des chants andalous appel\u00e9s les Inqilebs), dans des atmosph\u00e8res solennelles, o\u00f9 la p\u00e9nombre et les\u00a0 bouff\u00e9es de fum\u00e9es ont renforc\u00e9 le sentiment m\u00e9lancolique qui a r\u00e9gn\u00e9 sur la sc\u00e8ne. Le public a pu appr\u00e9cier entre autres pi\u00e8ces interpr\u00e9t\u00e9es par les voix\u00a0 pr\u00e9sentes et \u00e9toff\u00e9es de Yacef Ait Meziane, Hind Benamara, C\u00e9lia Zidelmal,\u00a0 Fatma Zohra Hemmouche, Sana\u00e2Boumehdiou et Anis Yefsah, A lemri (\u00f4 miroir), Tamaghra &lsquo;N&rsquo;dal&rsquo; Hocine, As la\u00e2vits A ya Vahri, Sobhan Allah Yaltif, Ach eddani n&rsquo;khalto, Khebbi serrek, A\u00efb a\u00e2lik enti m&rsquo;heniya et Djet echta ou djaw leryah.\u00a0<br \/>Durant son p\u00e9riple, Nedjma, qui poursuivait des \u00e9tudes en art et en\u00a0 litt\u00e9rature, verra la musique andalouse \u00e9voluer simultan\u00e9ment avec son parcours qui l&rsquo;am\u00e8nera \u00e0 conna\u00eetre l&rsquo;amour avec Sma\u00efl, un jeune Alg\u00e9rois\u00a0 qu&rsquo;elle a rencontr\u00e9 en Kabylie et avec lequel sa vision de la vie gagnera en maturit\u00e9 pour devenir la \u00abmessag\u00e8re de l&rsquo;espoir, de l&rsquo;amour et du\u00a0 partage\u00bb.\u00a0<br \/>L&rsquo;assistance, vivant chaque instant du spectacle dans l&rsquo;all\u00e9gresse et la\u00a0 volupt\u00e9, s&rsquo;est promen\u00e9e sur les port\u00e9es et les partitions d&rsquo;un r\u00e9pertoire prolifique plein de nostalgie et de couleurs, soumis aux bons soins de\u00a0 Khalil Baba Ahmed qui, selon une de ses fans, apporte plus d&rsquo;ouverture et de libert\u00e9 dans les \u00abformes qu&rsquo;il propose\u00bb \u00e0 la musique alg\u00e9rienne.\u00a0<br \/>Soucieux de mettre en valeur ses musiciens, issus des masters class qu&rsquo;il avait encadr\u00e9es lors du 13e Festivalg\u00e9rie (18-25 d\u00e9cembre 2018), Khalil Baba\u00a0 Ahmed a choisi de conclure avec une de ses compositions, aux variations modales et rythmiques vari\u00e9es, puis\u00e9es du terroir et qui offre une possibilit\u00e9 d&rsquo;interpr\u00e9tation d&rsquo;istikhbars (introduction musicale) aux instrumentistes, tr\u00e8s applaudis par le public.\u00a0<br \/>Le concert \u00abMon \u00e9toile\u00bb de Khalil Baba Ahmed a \u00e9t\u00e9 programm\u00e9 pour une repr\u00e9sentation unique, par l&rsquo;Op\u00e9ra d&rsquo;Alger, sous l&rsquo;\u00e9gide du minist\u00e8re de la\u00a0 Culture.<\/p>\n<p>Auteur:<br \/>\n<a href=\"https:\/\/www.lesoirdalgerie.com\/culture\/la-bonne-etoile-de-lensemble-safar-27334\">Cliquez ici pour lire l&rsquo;article depuis sa source.<\/a><\/p>\n","protected":false},"excerpt":{"rendered":"<p>Le concert \u00abMon \u00e9toile\u00bb, une mise en valeur du\u00a0 patrimoine musical et litt\u00e9raire alg\u00e9rien dans la nostalgie et le souvenir,\u00a0 a \u00e9t\u00e9 pr\u00e9sent\u00e9 mercredi soir \u00e0 Alger, par l&rsquo;Ensemble andalou Safar,\u00a0 dirig\u00e9 par le maestro Khalil Baba Ahmed, devant un public relativement nombreux. Accueilli \u00e0 l&rsquo;Op\u00e9ra d&rsquo;Alger Boualem-Bessa\u00efh, le spectacle restitue la tradition ancestrale, \u00e0 [&hellip;]<\/p>\n","protected":false},"author":1741,"featured_media":0,"comment_status":"closed","ping_status":"closed","sticky":false,"template":"","format":"standard","meta":{"fifu_image_url":"","fifu_image_alt":"","footnotes":""},"categories":[73,53],"tags":[],"class_list":["post-47617","post","type-post","status-publish","format-standard","hentry","category-actualite","category-algerie"],"_links":{"self":[{"href":"https:\/\/linitiative.ca\/International\/wp-json\/wp\/v2\/posts\/47617","targetHints":{"allow":["GET"]}}],"collection":[{"href":"https:\/\/linitiative.ca\/International\/wp-json\/wp\/v2\/posts"}],"about":[{"href":"https:\/\/linitiative.ca\/International\/wp-json\/wp\/v2\/types\/post"}],"author":[{"embeddable":true,"href":"https:\/\/linitiative.ca\/International\/wp-json\/wp\/v2\/users\/1741"}],"replies":[{"embeddable":true,"href":"https:\/\/linitiative.ca\/International\/wp-json\/wp\/v2\/comments?post=47617"}],"version-history":[{"count":0,"href":"https:\/\/linitiative.ca\/International\/wp-json\/wp\/v2\/posts\/47617\/revisions"}],"wp:attachment":[{"href":"https:\/\/linitiative.ca\/International\/wp-json\/wp\/v2\/media?parent=47617"}],"wp:term":[{"taxonomy":"category","embeddable":true,"href":"https:\/\/linitiative.ca\/International\/wp-json\/wp\/v2\/categories?post=47617"},{"taxonomy":"post_tag","embeddable":true,"href":"https:\/\/linitiative.ca\/International\/wp-json\/wp\/v2\/tags?post=47617"}],"curies":[{"name":"wp","href":"https:\/\/api.w.org\/{rel}","templated":true}]}}