{"id":47618,"date":"2019-07-21T06:00:00","date_gmt":"2019-07-21T10:00:00","guid":{"rendered":"https:\/\/linitiative.ca\/International\/lart-en-questions-et-reponses\/"},"modified":"2019-07-21T06:00:00","modified_gmt":"2019-07-21T10:00:00","slug":"lart-en-questions-et-reponses","status":"publish","type":"post","link":"https:\/\/linitiative.ca\/International\/lart-en-questions-et-reponses\/","title":{"rendered":"L\u2019art en questions et r\u00e9ponses"},"content":{"rendered":"<p>\u00abLe pourquoi de la cr\u00e9ation\u00bb,\u00a0 un titre peu banal ! C\u2019est deux en un ou la question et la r\u00e9ponse en m\u00eame temps. \u00abLe pourquoi de la cr\u00e9ation\u00bb est le titre de l\u2019exposition collective d\u2019arts plastiques qui se d\u00e9roule jusqu\u2019au 31 juillet 2019 \u00e0 la salle Hadj-Omar du Th\u00e9\u00e2tre national alg\u00e9rien Mahieddine-Bachtarzi \u00e0 Alger.\u00a0<br \/>Tout a commenc\u00e9 par une id\u00e9e qui a donn\u00e9 naissance \u00e0 un concours qui a permis \u00e0 des artistes anonymes de participer \u00e0 cette exposition tr\u00e8s vari\u00e9e, notamment la peinture, la caricature, le dessin et la photographie.\u00a0<br \/>Le Th\u00e9\u00e2tre national alg\u00e9rien (TNA) et l\u2019artiste plasticienne Nour Ch\u00e9raz ont donc associ\u00e9 leurs efforts pour une louable initiative dans le domaine des arts plastiques. Un appel a \u00e9t\u00e9 ainsi lanc\u00e9 aux artistes, en herbe et autres, et m\u00eame aux artistes qui s\u2019ignorent de participer \u00e0 cette exposition collective au th\u00e8me quasiment illimit\u00e9.<br \/>\u00abMais vous, pourquoi cr\u00e9ez-vous? Pourquoi exposez-vous ?\u00a0<br \/>Votre r\u00e9ponse est notre th\u00e8me\u00bb, avaient fait remarquer les organisateurs. \u00abEn couleur ou en noir et blanc, vos cr\u00e9ations, selon l\u2019\u00e9tat d\u2019\u00e2me et la sp\u00e9cificit\u00e9 de chacun d\u2019entre vous, sur des surfaces planes ou sur des volumes, auront \u00e0 r\u00e9pondre \u00e0 la question lancinante qui subsiste : pourquoi cr\u00e9ons-nous ? Pourquoi exposons-nous ? Peut-\u00eatre alors qu\u2019il s\u2019agit de vouloir \u00eatre en face de l\u2019autre, le public, l\u2019affronter ou dialoguer avec lui ? Avez-vous alors ce besoin imp\u00e9rieux d\u2019\u00eatre compris, \u00e9cout\u00e9, vu, d\u2019\u00eatre enfin appr\u00e9ci\u00e9, par l\u2019image et la couleur ? Que devient alors la charge \u00e9motionnelle de votre propre histoire dans l\u2019histoire ? Elle s\u2019ext\u00e9riorise \u00e0 travers la mati\u00e8re plastique, et c\u2019est l\u00e0 que l\u2019art prend forme !\u00bb fait remarquer Nour Ch\u00e9raz, commissaire de l\u2019exposition.<br \/>\u00a0\u00abLorsque des artistes tendent la main \u00e0 d\u2019autres pour qu\u2019ils ext\u00e9riorisent l\u2019esth\u00e9tique qu\u2019il y a dans leurs palettes, nous ne pouvons qu\u2019applaudir l\u2019initiative\u00bb, a \u00e9crit l\u2019\u00e9crivain Mohamed Bourahla en guise de pr\u00e9ambule dans le catalogue de l\u2019exposition.\u00a0<br \/>\u00abL\u2019expo est l&rsquo;aubaine r\u00eav\u00e9e pour que les artistes se d\u00e9logent de l&rsquo;isolement et se r\u00e9v\u00e8lent au public pour \u00e9changer leurs exp\u00e9riences dans le domaine de la co-cr\u00e9ation\u00bb, a pr\u00e9cis\u00e9 l\u2019artiste peintre f\u00e9ru du signe Noureddine Hammouche.<br \/>\u00a0N\u00e9e en 1973, Nour Ch\u00e9raz est, depuis 1994, enseignante en informatique et en dessin artistique. Depuis 1996, elle a particip\u00e9 et anim\u00e9 un grand nombre d\u2019expositions. Elle active aussi dans des associations \u00e0 caract\u00e8re humanitaire. En 1988, elle a \u00e9t\u00e9 \u00e9l\u00e8ve de l\u2019atelier des arts plastiques de l\u2019artiste Chouaib Zouaoui. En 2013, Nour Ch\u00e9raz a re\u00e7u un dipl\u00f4me d\u2019honneur d\u2019\u00e9criture dramatique du Th\u00e9\u00e2tre national alg\u00e9rien.<br \/>Cette expo au TNA est pour elle comme un retour aux sources !<br \/>Kader B.<\/p>\n<p>Auteur:<br \/>\n<a href=\"https:\/\/www.lesoirdalgerie.com\/culture\/lart-en-questions-et-reponses-27333\">Cliquez ici pour lire l&rsquo;article depuis sa source.<\/a><\/p>\n","protected":false},"excerpt":{"rendered":"<p>\u00abLe pourquoi de la cr\u00e9ation\u00bb,\u00a0 un titre peu banal ! C\u2019est deux en un ou la question et la r\u00e9ponse en m\u00eame temps. \u00abLe pourquoi de la cr\u00e9ation\u00bb est le titre de l\u2019exposition collective d\u2019arts plastiques qui se d\u00e9roule jusqu\u2019au 31 juillet 2019 \u00e0 la salle Hadj-Omar du Th\u00e9\u00e2tre national alg\u00e9rien Mahieddine-Bachtarzi \u00e0 Alger.\u00a0Tout a [&hellip;]<\/p>\n","protected":false},"author":1741,"featured_media":0,"comment_status":"closed","ping_status":"closed","sticky":false,"template":"","format":"standard","meta":{"fifu_image_url":"","fifu_image_alt":"","footnotes":""},"categories":[73,53],"tags":[],"class_list":["post-47618","post","type-post","status-publish","format-standard","hentry","category-actualite","category-algerie"],"_links":{"self":[{"href":"https:\/\/linitiative.ca\/International\/wp-json\/wp\/v2\/posts\/47618","targetHints":{"allow":["GET"]}}],"collection":[{"href":"https:\/\/linitiative.ca\/International\/wp-json\/wp\/v2\/posts"}],"about":[{"href":"https:\/\/linitiative.ca\/International\/wp-json\/wp\/v2\/types\/post"}],"author":[{"embeddable":true,"href":"https:\/\/linitiative.ca\/International\/wp-json\/wp\/v2\/users\/1741"}],"replies":[{"embeddable":true,"href":"https:\/\/linitiative.ca\/International\/wp-json\/wp\/v2\/comments?post=47618"}],"version-history":[{"count":0,"href":"https:\/\/linitiative.ca\/International\/wp-json\/wp\/v2\/posts\/47618\/revisions"}],"wp:attachment":[{"href":"https:\/\/linitiative.ca\/International\/wp-json\/wp\/v2\/media?parent=47618"}],"wp:term":[{"taxonomy":"category","embeddable":true,"href":"https:\/\/linitiative.ca\/International\/wp-json\/wp\/v2\/categories?post=47618"},{"taxonomy":"post_tag","embeddable":true,"href":"https:\/\/linitiative.ca\/International\/wp-json\/wp\/v2\/tags?post=47618"}],"curies":[{"name":"wp","href":"https:\/\/api.w.org\/{rel}","templated":true}]}}