{"id":47619,"date":"2019-07-21T06:00:00","date_gmt":"2019-07-21T10:00:00","guid":{"rendered":"https:\/\/linitiative.ca\/International\/pascades\/"},"modified":"2019-07-21T06:00:00","modified_gmt":"2019-07-21T10:00:00","slug":"pascades","status":"publish","type":"post","link":"https:\/\/linitiative.ca\/International\/pascades\/","title":{"rendered":"Pascades"},"content":{"rendered":"<p><em><strong>3 \u0153ufs, 150 g de farine, 1\/4 l de lait, 200 g de blettes, 150 g de viande hach\u00e9e, persil, sel, poivre, huile\u00a0<\/strong><\/em><\/p>\n<p>Pr\u00e9lever les feuilles des blettes. Les laver. Les faire blanchir pendant 2 minutes dans de l&rsquo;eau bouillante sal\u00e9e. Les \u00e9goutter soigneusement. Les hacher grossi\u00e8rement. Hacher le persil. Faire revenir la viande avec un peu de beurre. Dans une terrine m\u00e9langer les \u0153ufs entiers avec la farine. Ajouter le lait ti\u00e8de petit \u00e0 petit. Assaisonner. Ajouter les blettes, le persil et la viande hach\u00e9e. M\u00e9langer. Faire cuire dans une po\u00eale en formant de petites galettes.<\/p>\n<p>Auteur:<br \/>\n<a href=\"https:\/\/www.lesoirdalgerie.com\/femme-magazine\/pascades-27332\">Cliquez ici pour lire l&rsquo;article depuis sa source.<\/a><\/p>\n","protected":false},"excerpt":{"rendered":"<p>3 \u0153ufs, 150 g de farine, 1\/4 l de lait, 200 g de blettes, 150 g de viande hach\u00e9e, persil, sel, poivre, huile\u00a0 Pr\u00e9lever les feuilles des blettes. Les laver. Les faire blanchir pendant 2 minutes dans de l&rsquo;eau bouillante sal\u00e9e. Les \u00e9goutter soigneusement. Les hacher grossi\u00e8rement. Hacher le persil. Faire revenir la viande avec [&hellip;]<\/p>\n","protected":false},"author":1741,"featured_media":0,"comment_status":"closed","ping_status":"closed","sticky":false,"template":"","format":"standard","meta":{"fifu_image_url":"","fifu_image_alt":"","footnotes":""},"categories":[73,53],"tags":[],"class_list":["post-47619","post","type-post","status-publish","format-standard","hentry","category-actualite","category-algerie"],"_links":{"self":[{"href":"https:\/\/linitiative.ca\/International\/wp-json\/wp\/v2\/posts\/47619","targetHints":{"allow":["GET"]}}],"collection":[{"href":"https:\/\/linitiative.ca\/International\/wp-json\/wp\/v2\/posts"}],"about":[{"href":"https:\/\/linitiative.ca\/International\/wp-json\/wp\/v2\/types\/post"}],"author":[{"embeddable":true,"href":"https:\/\/linitiative.ca\/International\/wp-json\/wp\/v2\/users\/1741"}],"replies":[{"embeddable":true,"href":"https:\/\/linitiative.ca\/International\/wp-json\/wp\/v2\/comments?post=47619"}],"version-history":[{"count":0,"href":"https:\/\/linitiative.ca\/International\/wp-json\/wp\/v2\/posts\/47619\/revisions"}],"wp:attachment":[{"href":"https:\/\/linitiative.ca\/International\/wp-json\/wp\/v2\/media?parent=47619"}],"wp:term":[{"taxonomy":"category","embeddable":true,"href":"https:\/\/linitiative.ca\/International\/wp-json\/wp\/v2\/categories?post=47619"},{"taxonomy":"post_tag","embeddable":true,"href":"https:\/\/linitiative.ca\/International\/wp-json\/wp\/v2\/tags?post=47619"}],"curies":[{"name":"wp","href":"https:\/\/api.w.org\/{rel}","templated":true}]}}