{"id":47624,"date":"2019-07-21T03:05:43","date_gmt":"2019-07-21T07:05:43","guid":{"rendered":"https:\/\/linitiative.ca\/International\/oui-cette-can-2019-fut-belle\/"},"modified":"2019-07-21T03:05:43","modified_gmt":"2019-07-21T07:05:43","slug":"oui-cette-can-2019-fut-belle","status":"publish","type":"post","link":"https:\/\/linitiative.ca\/International\/oui-cette-can-2019-fut-belle\/","title":{"rendered":"Oui, cette CAN 2019 fut belle\u2026"},"content":{"rendered":"<p class=\"p1\"><strong>L\u2019\u00e9crivain Jean D\u2019Ormesson, dont la c\u00e9l\u00e9brit\u00e9 d\u00e9passa les fronti\u00e8res de l\u2019hexagone, son pays natal, a laiss\u00e9 une tr\u00e8s riche \u0153uvre pour la litt\u00e9rature fran\u00e7aise et universelle. Cet auteur qui v\u00e9cut tr\u00e8s longtemps, avant de mourir le m\u00eame jour que Johnny Halliday, avait choisi comme titre d\u2019un de ses derniers livres, cette phrase <em>\u00ab Je dirai que cette vie fut belle \u2026 \u00bb.<\/em><\/strong><\/p>\n<div class=\"c10\"\/>\n<p class=\"p2\">Ultime salut et hommage de cet homme d\u00e9licieux qui croqua, avec gourmandise, dans tous les plaisirs de la vie, et qui, \u00e0 90 ans pass\u00e9s, essayait de faire le bilan de sa vie avant le grand saut vers l\u2019inconnu.<\/p>\n<p class=\"p2\"><em>\u00ab Je dirai que cette vie fut belle \u00bb<\/em>\u2026 Ainsi, par une petite phrase toute simple, Jean D\u2019Ormesson esquissait le solde de tout compte de ses ann\u00e9es de vie, en ne conservant que le beau, le bon et le positif.<\/p>\n<p class=\"p2\">Or, il n\u2019est pas besoin d\u2019avoir lu toute l\u2019\u0153uvre d\u2019Ormesson pour comprendre que, souvent, on ne garde du pass\u00e9 que les bons souvenirs. Sinon personne ne parlerait alors du \u00ab bon vieux temps \u00bb et n\u2019emploierait plus la formule : \u00ab c\u2019\u00e9tait mieux avant \u00bb.<\/p>\n<p class=\"p2\">La CAN 2019 qui s\u2019est termin\u00e9e le vendredi 19 juillet en Egypte, aura \u00e9t\u00e9 un bon cru avec des matchs spectaculaires, du suspense, de grosses surprises et si l\u2019on excepte les faibles affluences populaires on peut dire que l\u2019on ne s\u2019est pas ennuy\u00e9 tout au long de ces 4 semaines pass\u00e9es devant les \u00e9crans de t\u00e9l\u00e9vision. Pour l\u2019Egypte, le pari n\u2019\u00e9tait pas facile \u00e0 relever, elle s\u2019en est sortie au mieux malgr\u00e9 les dates inhabituelles pour une telle comp\u00e9tition et malgr\u00e9 le peu de temps de pr\u00e9paration qu\u2019on offrit \u00e0 l\u2019Egypte pour remplacer, au pied lev\u00e9, le Cameroun.<\/p>\n<p class=\"p2\">Rappelons qu\u2019en d\u00e9but d\u2019ann\u00e9e, la CAF avait d\u00e9gomm\u00e9 le Cameroun, pays initialement organisateur pour cause de retard dans les infrastructures. L\u2019Egypte donc a sauv\u00e9 la mise \u00e0 tout le monde. Bien s\u00fbr, 24 \u00e9quipes \u00e0 caser dans des villes d\u00e9j\u00e0 surpeupl\u00e9es, avec la canicule et les embouteillages, cela faisait craindre que l\u2019Egypte ne se prenne les pieds dans le tapis de l\u2019organisation. Il n\u2019en a rien \u00e9t\u00e9, malgr\u00e9 quelques petits couacs in\u00e9vitables. Et puis quel bonheur de voir des pays comme Madagascar, la Namibie ou le B\u00e9nin jouer leurs chances jusqu\u2019au bout, cr\u00e9ant l\u2019ind\u00e9cision, mettant certains favoris hors course, bref jouer un football qui, par instants, fut plus flamboyant que celui pratiqu\u00e9 par les stars argentines, chiliennes ou p\u00e9ruviennes en Copa Am\u00e9rica, de l\u2019autre c\u00f4t\u00e9 de la plan\u00e8te.<\/p>\n<p class=\"p2\">L\u2019Egypte ne fut pas pay\u00e9e de ses efforts, son \u00e9quipe nationale ne passant pas le cap des huiti\u00e8mes de finale. Comme le Maroc ou encore le Cameroun.<\/p>\n<h2>\u00ab\u00a0Souvent, on ne garde du pass\u00e9 que les bons souvenirs. Sinon personne ne parlerait alors du \u00ab bon vieux temps\u00a0\u00bb<\/h2>\n<p class=\"p2\">Les pays organisateurs, le pays tenant du titre et l\u2019\u00e9ternel favori (le Maroc) bout\u00e9s pr\u00e9matur\u00e9ment hors de la CAN 2019, quoi de mieux pour renforcer la cr\u00e9dibilit\u00e9 de la comp\u00e9tition ? La Tunisie, pays miracul\u00e9 apr\u00e8s ses \u00e9clipses du premier tour, alla jusqu\u2019en demi-finale, alors que l\u2019Alg\u00e9rie qui se cherchait et dont les supporters grognaient juste avant la CAN, s\u2019est offert une finale de toute beaut\u00e9. Elle y affronte le S\u00e9n\u00e9gal qui n\u2019a jamais \u00e9t\u00e9 aussi s\u00e9duisant depuis longtemps. Le S\u00e9n\u00e9gal a \u00e9t\u00e9 \u00e0 la hauteur de l\u2019attente, au contraire de l\u2019Alg\u00e9rie qui en d\u00e9crochant le jackpot de la finale, a d\u00e9menti tous les pronostiqueurs qui la voyaient loin derri\u00e8re le Maroc et l\u2019Egypte.<\/p>\n<p class=\"p2\">Mais on le sait d\u00e9sormais, s\u2019il fallait croire les pronostics \u2026 les matchs ne serviraient plus \u00e0 rien : on gagnerait parce qu\u2019on est le favori des pronostics. Malheureusement, les attentes sont souvent douch\u00e9es par la v\u00e9rit\u00e9 du terrain. Une v\u00e9rit\u00e9 o\u00f9, parfois, vient se nicher le grain de sable qui va enrayer la m\u00e9canique. Ce petit rien qui fera qu\u2019un p\u00e9nalty sera rat\u00e9 ou qu\u2019une passe n\u2019arrivera pas \u00e0 destination.<\/p>\n<p class=\"p2\">Dans cette CAN 2019, tout aura souri aux Alg\u00e9riens, voire aux Tunisiens, mais toutes les catastrophes sont tomb\u00e9es sur la t\u00eate des Lions de l\u2019Atlas. Ne l\u2019oublions pas, nos Lions ont produit du jeu, ainsi que l\u2019a affirm\u00e9, chiffres \u00e0 l\u2019appui, un Aziz Bouderbala, furibond qui ne comprenait pas que contre le B\u00e9nin, on ait eu un maximum de tentatives avec si peu de r\u00e9ussite.<\/p>\n<p class=\"p2\">Bouderbala, fin joueur et qui n\u2019est pas n\u2019importe qui, prend la peine de s\u2019interroger, au moment o\u00f9 d\u2019autres condamnent sans appel.<\/p>\n<p>Lire aussi :\u00a0<a href=\"https:\/\/www.challenge.ma\/can-2019-les-fennecs-champions-dafrique-113307\/\" target=\"_blank\" rel=\"noopener noreferrer\">CAN 2019 : Les Fennecs champions d\u2019Afrique<\/a><\/p>\n<p class=\"p2\">Malheur aux vaincus, on le sait depuis l\u2019Antiquit\u00e9 et les guerres de conqu\u00eate des troupes de Jules C\u00e9sar.<\/p>\n<p class=\"p2\">Il est dommage de voir qu\u2019au Maroc au 21\u00e8me si\u00e8cle, on continue de condamner, de lyncher et de clouer au pilori ceux qui nous ont fait r\u00eaver pour la simple raison, qu\u2019il leur arrive de faillir.<\/p>\n<p class=\"p2\">Le pr\u00e9sident de la FRMF a fix\u00e9 \u00e0 fin juillet, tr\u00e8s bient\u00f4t donc, la journ\u00e9e de r\u00e9flexion sur les tenants et aboutissants de la participation marocaine \u00e0 la CAN 2019. En attendant le jour des gros mots et des phrases plus belles et plus vides les unes que les autres, rappelons-nous que la CAN 2019 fut belle.<\/p>\n<p class=\"p2\">Trois victoires et un nul en quatre matchs, a-t-on d\u00e9j\u00e0 r\u00e9ussi un meilleur bilan ? Non, sauf en 1976 en Ethiopie. C\u2019\u00e9tait il y a longtemps. En 2019, on n\u2019a jamais \u00e9t\u00e9 aussi pr\u00e8s de revoir le miracle \u00e9thiopien.<\/p>\n<p class=\"p2\">Oui, parce que le foot est si ind\u00e9cis qu\u2019il faut \u00e0 chaque fois un petit miracle, ce miracle qui fait les grandes victoires.<\/p>\n<p class=\"p2\">A un p\u00e9nalty pr\u00e8s, on y \u00e9tait. En beaut\u00e9. Qu\u2019on se le dise et qu\u2019on arr\u00eate nos vagissements. Rendez-vous en fin juillet\u2026<\/p>\n<p class=\"p4\"><strong>Censeurs mal plac\u00e9s<\/strong><\/p>\n<p class=\"p5\">Ils \u00e9taient combien en CAN 2019 ? 50, 60, 70 ? Un d\u00e9compte pr\u00e9cis et inform\u00e9 nous en a r\u00e9v\u00e9l\u00e9 le nombre exact : 82.<\/p>\n<p class=\"p2\">Quatre-vingt-deux journalistes sportifs accr\u00e9dit\u00e9s pour l\u2019Egypte. C\u2019est une sorte de record. Mais tout ce petit monde, outre qu\u2019il est parti \u00e9parpill\u00e9 sans v\u00e9ritable responsable, \u00e9tait fait d\u2019un peu de tout. Il y avait des pros et d\u2019autres qui \u00e9taient l\u00e0 pour autre chose. Remarquez, on ne critique personne, pourquoi va-t-on demander \u00e0 la corporation m\u00e9diatique de se professionnaliser, alors que m\u00eame la botola \u00ab Elite pro \u00bb ne l\u2019est pas encore vraiment. Sauf que les journalistes ou suppos\u00e9s tels, se donnent le droit de critiquer alors que certains oublient leurs devoirs. Et que voulez-vous, il y a une diff\u00e9rence entre partir pour couvrir la CAN et donc travailler; ou partir en Egypte pour profiter de tout. Au sens large \u2026<\/p>\n<p class=\"p4\"><strong>Au-dessus des qualificatifs<\/strong><\/p>\n<p class=\"p5\">Voguons vers les hauteurs \u2026 oublions le football et ses petitesses dont se rendent coupables des hommes de m\u00e9dias autant que dirigeants, joueurs et arbitres. Il est bon de le rappeler .. encore .. et encore. Ceci dit, parlons du tennis mondial avec F\u00e9d\u00e9rer et les autres. On ne tranchera pas entre qui est le plus fort d\u2019entre le Suisse ou Nadal ou Djorkovick, mais il est s\u00fbr que ceux qui dimanche dernier ont \u00aboubli\u00e9\u00bb les demi-finales de la CAN pour suivre le spectacle \u00e9poustouflant de la finale de Wimbledon, n\u2019ont pas perdu leurs temps. Que les autres se rattrapent comme ils peuvent et ils comprendront pourquoi et comment certains champions sont d\u00e9sormais au-dessus de tous les qualificatifs. On n\u2019en dira pas plus.<\/p>\n<div class=\"c17\">\n<fieldset class=\"c16\">\n<legend><strong><span class=\"c11\">Challenge<\/span><span class=\"c12\">news<\/span><\/strong><\/legend>\n<div class=\"c15\">Le meilleur de la r\u00e9daction s\u00e9lectionn\u00e9 par Challenge :<\/p>\n<\/div>\n<\/fieldset>\n<\/div>\n<p>Auteur: Najib Salmi<br \/>\n<a href=\"https:\/\/www.challenge.ma\/oui-cette-can-2019-fut-belle-113326\/\">Cliquez ici pour lire l&rsquo;article depuis sa source.<\/a><\/p>\n","protected":false},"excerpt":{"rendered":"<p>L\u2019\u00e9crivain Jean D\u2019Ormesson, dont la c\u00e9l\u00e9brit\u00e9 d\u00e9passa les fronti\u00e8res de l\u2019hexagone, son pays natal, a laiss\u00e9 une tr\u00e8s riche \u0153uvre pour la litt\u00e9rature fran\u00e7aise et universelle. Cet auteur qui v\u00e9cut tr\u00e8s longtemps, avant de mourir le m\u00eame jour que Johnny Halliday, avait choisi comme titre d\u2019un de ses derniers livres, cette phrase \u00ab Je dirai [&hellip;]<\/p>\n","protected":false},"author":1787,"featured_media":0,"comment_status":"closed","ping_status":"closed","sticky":false,"template":"","format":"standard","meta":{"fifu_image_url":"","fifu_image_alt":"","footnotes":""},"categories":[78,54],"tags":[],"class_list":["post-47624","post","type-post","status-publish","format-standard","hentry","category-economie","category-maroc"],"_links":{"self":[{"href":"https:\/\/linitiative.ca\/International\/wp-json\/wp\/v2\/posts\/47624","targetHints":{"allow":["GET"]}}],"collection":[{"href":"https:\/\/linitiative.ca\/International\/wp-json\/wp\/v2\/posts"}],"about":[{"href":"https:\/\/linitiative.ca\/International\/wp-json\/wp\/v2\/types\/post"}],"author":[{"embeddable":true,"href":"https:\/\/linitiative.ca\/International\/wp-json\/wp\/v2\/users\/1787"}],"replies":[{"embeddable":true,"href":"https:\/\/linitiative.ca\/International\/wp-json\/wp\/v2\/comments?post=47624"}],"version-history":[{"count":0,"href":"https:\/\/linitiative.ca\/International\/wp-json\/wp\/v2\/posts\/47624\/revisions"}],"wp:attachment":[{"href":"https:\/\/linitiative.ca\/International\/wp-json\/wp\/v2\/media?parent=47624"}],"wp:term":[{"taxonomy":"category","embeddable":true,"href":"https:\/\/linitiative.ca\/International\/wp-json\/wp\/v2\/categories?post=47624"},{"taxonomy":"post_tag","embeddable":true,"href":"https:\/\/linitiative.ca\/International\/wp-json\/wp\/v2\/tags?post=47624"}],"curies":[{"name":"wp","href":"https:\/\/api.w.org\/{rel}","templated":true}]}}