{"id":47625,"date":"2019-07-21T09:31:46","date_gmt":"2019-07-21T13:31:46","guid":{"rendered":"https:\/\/linitiative.ca\/International\/le-message-dherve-renard-au-roi-mohammed-vi\/"},"modified":"2019-07-21T09:31:46","modified_gmt":"2019-07-21T13:31:46","slug":"le-message-dherve-renard-au-roi-mohammed-vi","status":"publish","type":"post","link":"https:\/\/linitiative.ca\/International\/le-message-dherve-renard-au-roi-mohammed-vi\/","title":{"rendered":"Le message d\u2019Herv\u00e9 Renard au Roi Mohammed VI"},"content":{"rendered":"<p><strong>Le s\u00e9lectionneur fran\u00e7ais du Maroc, Herv\u00e9 Renard, a annonc\u00e9 sa d\u00e9mission dimanche dans un communiqu\u00e9 post\u00e9 sur son compte Twitter, deux semaines apr\u00e8s l\u2019\u00e9limination surprise de son \u00e9quipe lors de la CAN en Egypte.<\/strong><\/p>\n<div class=\"c10\"\/>\n<p>\u00ab\u00a0Il est temps pour moi de clore ce long et beau chapitre de ma vie, non sans une certaine \u00e9motion et tristesse, mais c\u2019est une d\u00e9cision in\u00e9luctable prise bien avant la <strong>CAN-2019<\/strong>\u00ab\u00a0, a ajout\u00e9 le s\u00e9lectionneur arriv\u00e9 en 2016 et rest\u00e9 41 mois \u00e0 la t\u00eate de l\u2019\u00e9quipe nationale marocaine.<\/p>\n<p>Le d\u00e9sormais ancien s\u00e9lectionneur national a tenu \u00e0 l\u2019occasion \u00e0 adresser un message de remerciements \u00e0 Sa Majest\u00e9 le Roi <strong>Mohammed VI<\/strong>. \u00ab\u00a0Je tiens \u00e0 adresser mes plus chaleureux remerciements \u00e0 Sa Majest\u00e9 le Roi Mohammed VI que Dieu l\u2019assiste, pour tous les efforts consentis afin de d\u00e9velopper le\u00a0<span class=\"text_exposed_show\">sport et le football en particulier. J\u2019en profite pour remercier le Prince Moulay Hassan ainsi que l\u2019ensemble de la famille Royale.\u00a0\u00bb<\/span><\/p>\n<div class=\"fb-post\" data-href=\"https:\/\/www.facebook.com\/Herve.Renard.HR6\/photos\/a.2488147294743692\/2928280614063689\/?type=3&#038;eid=ARBKrx1yrFF5PFStICgpUd8Ra6kc23dscpqRcrqCs2UW6R_maNQKR2ez3taoa4cdkGuwjZwsDRzpr1yb&#038;__xts__%5B0%5D=68.ARBJrKy2RqfWQGaKpzRp2qZff__MkWqKqawohwVIsHw6Rpyfe5Paeng5sA4E5H-Jbh8SI8H6Q4bC1nPdYLwibY-lm99hfbIcNlbk76pC_XKl7cDMwbvz3p3SJ61Zy4Q1lT2xAPTy1nIocMyVec19b_La7LijvfU7R2z9jV1SjjqB4JNHnQIYKY71B_MtRYcPeLowAgNtYqa_K6gQIiN72fEpTx-r-1jrjR8PO3i_4moVkwwkaxm6JaQfGvCpvBMVw41qItwhT9aXv2ieFKKhT0pw9sGp6FXPKJX3qj7c3THxqAAAX-OMd5QZeqL98w1Ax0dAR1Gkxe30Xh_j3zeakMmb8eAKZlsOj1sep62Ja_5-pXbuofwSATIHgJilV0-_CmzT5abSDigryJiyZbMGZwaS3-GJb6q-5ow6slbI-UbSEO5p1ce28e153eOiSi6bQt1jd7EyPA6xP8HabBoJ0hEPcA-pzL_DNmNNJwftutl1Z8eiRGvdEoKtnZwVHYId6j5K09I4&#038;__tn__=EEH-y.g\" data-width=\"750\">\n<blockquote cite=\"https:\/\/www.facebook.com\/Herve.Renard.HR6\/photos\/a.2488147294743692\/2928280614063689\/?type=3\" class=\"fb-xfbml-parse-ignore\">\n<p>Je tiens \u00e0 adresser mes plus chaleureux remerciements \u00e0 Sa Majest\u00e9 le Roi Mohammed VI que Dieu l\u2019assiste, pour tous les\u2026<\/p>\n<p>Publi\u00e9e par <a href=\"https:\/\/www.facebook.com\/Herve.Renard.HR6\/\">Herv\u00e9 Renard<\/a> sur\u00a0<a href=\"https:\/\/www.facebook.com\/Herve.Renard.HR6\/photos\/a.2488147294743692\/2928280614063689\/?type=3\">Dimanche 21 juillet 2019<\/a><\/p>\n<\/blockquote>\n<\/div>\n<p>A la surprise g\u00e9n\u00e9rale, le Maroc, finaliste de la CAN en 2004 et quart de finaliste lors de la derni\u00e8re \u00e9dition, avait \u00e9t\u00e9 \u00e9limin\u00e9 le 5 juillet d\u00e8s les huiti\u00e8mes par le B\u00e9nin (1-1, 4 tab 1), pourtant r\u00e9duit \u00e0 dix et novice \u00e0 ce stade de la comp\u00e9tition.<\/p>\n<p>Lire aussi :\u00a0<a href=\"https:\/\/www.challenge.ma\/renard-conclut-un-accord-final-avec-la-frmf-112979\/\" target=\"_blank\" rel=\"noopener noreferrer\">Renard conclut un accord final avec la FRMF<\/a><\/p>\n<p>\u00ab\u00a0Oui, on esp\u00e9rait tous mieux pour cette \u00e9dition 2019 de la CAN en Egypte, mais le football est ainsi, il fait na\u00eetre les espoirs les plus fous et nous ram\u00e8ne durement \u00e0 la r\u00e9alit\u00e9 d\u2019une \u00e9limination trop rapide aux tirs aux buts\u00a0\u00bb, a poursuivi <strong>Herv\u00e9 Renard<\/strong>.<\/p>\n<p>Il a pr\u00e9cis\u00e9 que le pr\u00e9sident de la F\u00e9d\u00e9ration royale marocaine de football Fouzi Lekjaa avait \u00e9t\u00e9 inform\u00e9 et \u00ab\u00a0s\u2019est engag\u00e9 contractuellement\u00a0\u00bb \u00e0 respecter cette d\u00e9cision.<\/p>\n<div class=\"c17\">\n<fieldset class=\"c16\">\n<legend><strong><span class=\"c11\">Challenge<\/span><span class=\"c12\">news<\/span><\/strong><\/legend>\n<div class=\"c15\">Le meilleur de la r\u00e9daction s\u00e9lectionn\u00e9 par Challenge :<\/p>\n<\/div>\n<\/fieldset>\n<\/div>\n<p>Auteur: Hassan Manyani<br \/>\n<a href=\"https:\/\/www.challenge.ma\/le-message-dherve-renard-au-roi-mohammed-vi-113363\/\">Cliquez ici pour lire l&rsquo;article depuis sa source.<\/a><\/p>\n","protected":false},"excerpt":{"rendered":"<p>Le s\u00e9lectionneur fran\u00e7ais du Maroc, Herv\u00e9 Renard, a annonc\u00e9 sa d\u00e9mission dimanche dans un communiqu\u00e9 post\u00e9 sur son compte Twitter, deux semaines apr\u00e8s l\u2019\u00e9limination surprise de son \u00e9quipe lors de la CAN en Egypte. \u00ab\u00a0Il est temps pour moi de clore ce long et beau chapitre de ma vie, non sans une certaine \u00e9motion et [&hellip;]<\/p>\n","protected":false},"author":1787,"featured_media":0,"comment_status":"closed","ping_status":"closed","sticky":false,"template":"","format":"standard","meta":{"fifu_image_url":"","fifu_image_alt":"","footnotes":""},"categories":[78,54],"tags":[],"class_list":["post-47625","post","type-post","status-publish","format-standard","hentry","category-economie","category-maroc"],"_links":{"self":[{"href":"https:\/\/linitiative.ca\/International\/wp-json\/wp\/v2\/posts\/47625","targetHints":{"allow":["GET"]}}],"collection":[{"href":"https:\/\/linitiative.ca\/International\/wp-json\/wp\/v2\/posts"}],"about":[{"href":"https:\/\/linitiative.ca\/International\/wp-json\/wp\/v2\/types\/post"}],"author":[{"embeddable":true,"href":"https:\/\/linitiative.ca\/International\/wp-json\/wp\/v2\/users\/1787"}],"replies":[{"embeddable":true,"href":"https:\/\/linitiative.ca\/International\/wp-json\/wp\/v2\/comments?post=47625"}],"version-history":[{"count":0,"href":"https:\/\/linitiative.ca\/International\/wp-json\/wp\/v2\/posts\/47625\/revisions"}],"wp:attachment":[{"href":"https:\/\/linitiative.ca\/International\/wp-json\/wp\/v2\/media?parent=47625"}],"wp:term":[{"taxonomy":"category","embeddable":true,"href":"https:\/\/linitiative.ca\/International\/wp-json\/wp\/v2\/categories?post=47625"},{"taxonomy":"post_tag","embeddable":true,"href":"https:\/\/linitiative.ca\/International\/wp-json\/wp\/v2\/tags?post=47625"}],"curies":[{"name":"wp","href":"https:\/\/api.w.org\/{rel}","templated":true}]}}