{"id":47626,"date":"2019-07-21T09:33:56","date_gmt":"2019-07-21T13:33:56","guid":{"rendered":"https:\/\/linitiative.ca\/International\/le-daily-maverick-sud-africain-le-maroc-visage-de-lafrique-moderne\/"},"modified":"2019-07-21T09:33:56","modified_gmt":"2019-07-21T13:33:56","slug":"le-daily-maverick-sud-africain-le-maroc-visage-de-lafrique-moderne","status":"publish","type":"post","link":"https:\/\/linitiative.ca\/International\/le-daily-maverick-sud-africain-le-maroc-visage-de-lafrique-moderne\/","title":{"rendered":"Le Daily Maverick sud-africain : le Maroc, \u00abvisage\u00bb de l\u2019Afrique moderne"},"content":{"rendered":"<p><strong>L\u2019influent journal sud-africain, The Daily Maverick, a mis en avant, dans une analyse mise en ligne vendredi, les potentialit\u00e9s du Maroc, soulignant que les progr\u00e8s r\u00e9alis\u00e9s par le Royaume en font \u00able visage de l\u2019Afrique moderne\u00bb.<\/strong><\/p>\n<div class=\"c10\"\/>\n<p>Les succ\u00e8s que le Maroc ne cesse de r\u00e9aliser en mati\u00e8re de d\u00e9veloppement \u00e9manent d\u2019un leadership, d\u2019une <strong>vision<\/strong> et d\u2019une capacit\u00e9 \u00e0 traduire dans les faits les promesses d\u2019un lendemain meilleur, \u00e9crit le journal, soulignant que gr\u00e2ce \u00e0 cette dynamique r\u00e9formatrice, le Royaume se pr\u00e9sente d\u00e9sormais comme \u00able visage de l\u2019Afrique moderne\u00bb.<\/p>\n<p>L\u2019enseignement \u00e0 tirer de cette success-story est que le <strong>Maroc<\/strong> tient ses promesses et utilise efficacement les infrastructures d\u2019envergure mises en place pour la r\u00e9alisation des objectifs de d\u00e9veloppement, estime l\u2019auteur de l\u2019analyse Greg Mills, chercheur sud-africain et membre de la <strong>Brenthurst foundation<\/strong>, bas\u00e9e \u00e0 Johannesburg.<\/p>\n<p>Le Royaume ne se contente pas seulement de mettre en place des infrastructures ultramodernes, mais tient \u00e0 d\u00e9velopper des comp\u00e9tences et des syst\u00e8mes n\u00e9cessaires tout en mettant en \u0153uvre des politiques ad\u00e9quates de soutien et d\u2019accompagnement.<\/p>\n<p>L\u2019auteur de l\u2019article fait observer, dans ce contexte, que Sa Majest\u00e9 le Roi Mohammed VI a conduit un processus de \u00ablib\u00e9ralisation graduelle\u00bb du pays, jalonn\u00e9 par le lancement de projets structurants, y compris le train \u00e0 grande vitesse (TGV) \u00abAl Boraq\u00bb, le premier du genre dans toute l\u2019Afrique, ainsi que le Port <strong>Tanger Med<\/strong>, le plus grand dans le continent.<\/p>\n<p>Rappelant que le Royaume s\u2019appr\u00eate \u00e0 c\u00e9l\u00e9brer le 20\u00e8 anniversaire de l\u2019accession du Souverain au Tr\u00f4ne de Ses glorieux anc\u00eatres, le journal sud-africain rel\u00e8ve le Maroc a tenu ses promesses l\u00e0 o\u00f9 d\u2019autres pays \u00abenregistrent des retards\u00bb. Et d\u2019ajouter que les r\u00e9formes men\u00e9es sous la conduite de Sa Majest\u00e9 le Roi ont favoris\u00e9 l\u2019\u00e9mergence d\u2019un nouveau mod\u00e8le de gouvernance qui se distingue par son \u00e9quilibre, tout en lan\u00e7ant de vastes efforts diplomatiques et \u00e9conomiques sur le continent africain.<\/p>\n<p>Lire aussi :\u00a0<a href=\"https:\/\/www.challenge.ma\/un-journal-sud-africain-vante-les-atouts-du-maroc-103476\/\" target=\"_blank\" rel=\"noopener noreferrer\">Un journal sud-africain vante les atouts du Maroc<\/a><\/p>\n<p>Le journal revient, dans cette veine, sur l\u2019essor que connaissent les activit\u00e9s de la Royal Air Maroc (RAM) en Afrique avec l\u2019\u00e9largissement de ses op\u00e9rations en desservant 33 destinations dans 28 pays du continent. Revenant sur le TGV que Sa Majest\u00e9 le Roi avait inaugur\u00e9 en novembre 2018, le Daily Maverick indique qu\u2019<strong>Al Boraq<\/strong> demeure un \u00abchef d\u2019\u0153uvre\u00bb.<\/p>\n<p>Le train roule \u00e0 320KM\/h et couvre en deux heures seulement la distance entre Tanger et Casablanca, observe la publication, ajoutant que cette r\u00e9alisation a donn\u00e9 une nouvelle impulsion \u00e0 la ville du D\u00e9troit dans le cadre d\u2019un vaste plan de modernisation, lanc\u00e9 il y a deux d\u00e9cennies.<\/p>\n<p>S\u2019agissant du Port Tanger Med, dont la seconde phase (Port Tanger Med 2) a \u00e9t\u00e9 lanc\u00e9e en juin dernier, la publication rel\u00e8ve que ce nouveau port a une capacit\u00e9 de neuf millions de conteneurs par an, soit trois fois plus que celle du Port Said \u00e9gyptien.<\/p>\n<p>L\u2019auteur de l\u2019article \u00e9voque \u00e9galement l\u2019usine Renault-Nissan de Tanger qui figure parmi les 900 entreprises install\u00e9es autour du Port Tanger Med, ajoutant que cette usine remplit six trains par jour de 200 v\u00e9hicules destin\u00e9s \u00e0 l\u2019exportation.<\/p>\n<p>Abordant le volet culturel, la publication sud-africaine indique que la ville de Ouarzazate, affectueusement baptis\u00e9e \u00abLittle Hollywood\u00bb, joue un r\u00f4le de premier plan dans la promotion de l\u2019industrie cin\u00e9matographique. Le journal rappelle que des films de renom comme Gladiator et Game of Thrones ont \u00e9t\u00e9 tourn\u00e9s dans cette ville, aussi connue comme \u00e9tant un centre des \u00e9nergies renouvelables avec la centrale solaire Nour.<\/p>\n<p>Le Daily Maverick braque, d\u2019autre part, les projecteurs sur la ville de <strong>Casablanca<\/strong>, devenue hub par excellence de l\u2019industrie a\u00e9ronautique o\u00f9 sont implant\u00e9es 140 entreprises employant quelque 16.700 personnes et comptant des clients de premier plan dont les g\u00e9ants Boeing, Airbus et Bombardier.<\/p>\n<p>L\u2019industrie b\u00e9n\u00e9ficie d\u2019une main d\u2019\u0153uvre qualifi\u00e9e, form\u00e9e \u00e0 l\u2019Institut des M\u00e9tiers de l\u2019A\u00e9ronautique, note le journal, rappelant que l\u2019institut a form\u00e9 7.000 cadres depuis 2011.<\/p>\n<div class=\"c17\">\n<fieldset class=\"c16\">\n<legend><strong><span class=\"c11\">Challenge<\/span><span class=\"c12\">news<\/span><\/strong><\/legend>\n<div class=\"c15\">Le meilleur de la r\u00e9daction s\u00e9lectionn\u00e9 par Challenge :<\/p>\n<\/div>\n<\/fieldset>\n<\/div>\n<p>Auteur: challenge<br \/>\n<a href=\"https:\/\/www.challenge.ma\/le-daily-maverick-sud-africain-le-maroc-visage-de-lafrique-moderne-113304\/\">Cliquez ici pour lire l&rsquo;article depuis sa source.<\/a><\/p>\n","protected":false},"excerpt":{"rendered":"<p>L\u2019influent journal sud-africain, The Daily Maverick, a mis en avant, dans une analyse mise en ligne vendredi, les potentialit\u00e9s du Maroc, soulignant que les progr\u00e8s r\u00e9alis\u00e9s par le Royaume en font \u00able visage de l\u2019Afrique moderne\u00bb. Les succ\u00e8s que le Maroc ne cesse de r\u00e9aliser en mati\u00e8re de d\u00e9veloppement \u00e9manent d\u2019un leadership, d\u2019une vision et [&hellip;]<\/p>\n","protected":false},"author":1787,"featured_media":0,"comment_status":"closed","ping_status":"closed","sticky":false,"template":"","format":"standard","meta":{"fifu_image_url":"","fifu_image_alt":"","footnotes":""},"categories":[78,54],"tags":[],"class_list":["post-47626","post","type-post","status-publish","format-standard","hentry","category-economie","category-maroc"],"_links":{"self":[{"href":"https:\/\/linitiative.ca\/International\/wp-json\/wp\/v2\/posts\/47626","targetHints":{"allow":["GET"]}}],"collection":[{"href":"https:\/\/linitiative.ca\/International\/wp-json\/wp\/v2\/posts"}],"about":[{"href":"https:\/\/linitiative.ca\/International\/wp-json\/wp\/v2\/types\/post"}],"author":[{"embeddable":true,"href":"https:\/\/linitiative.ca\/International\/wp-json\/wp\/v2\/users\/1787"}],"replies":[{"embeddable":true,"href":"https:\/\/linitiative.ca\/International\/wp-json\/wp\/v2\/comments?post=47626"}],"version-history":[{"count":0,"href":"https:\/\/linitiative.ca\/International\/wp-json\/wp\/v2\/posts\/47626\/revisions"}],"wp:attachment":[{"href":"https:\/\/linitiative.ca\/International\/wp-json\/wp\/v2\/media?parent=47626"}],"wp:term":[{"taxonomy":"category","embeddable":true,"href":"https:\/\/linitiative.ca\/International\/wp-json\/wp\/v2\/categories?post=47626"},{"taxonomy":"post_tag","embeddable":true,"href":"https:\/\/linitiative.ca\/International\/wp-json\/wp\/v2\/tags?post=47626"}],"curies":[{"name":"wp","href":"https:\/\/api.w.org\/{rel}","templated":true}]}}