{"id":47627,"date":"2019-07-21T12:07:06","date_gmt":"2019-07-21T16:07:06","guid":{"rendered":"https:\/\/linitiative.ca\/International\/tunisie-arrestation-a-tunis-de-trois-hommes-portant-le-niquab\/"},"modified":"2019-07-21T12:07:06","modified_gmt":"2019-07-21T16:07:06","slug":"tunisie-arrestation-a-tunis-de-trois-hommes-portant-le-niquab","status":"publish","type":"post","link":"https:\/\/linitiative.ca\/International\/tunisie-arrestation-a-tunis-de-trois-hommes-portant-le-niquab\/","title":{"rendered":"Tunisie \u2013 Arrestation, \u00e0 Tunis, de trois hommes portant le Niquab"},"content":{"rendered":"<div class=\"post-cont-in left relative\">\n<div class=\"swp_social_panel swp_horizontal_panel swp_flat_fresh swp_default_full_color swp_individual_full_color swp_other_full_color scale-100 scale-\" data-min-width=\"1100\" data-float-color=\"#ffffff\" data-float=\"none\" data-float-mobile=\"none\" data-transition=\"slide\">\n<div class=\"nc_tweetContainer swp_share_button total_shares total_sharesalt\"><span class=\"swp_count\">1K <span class=\"swp_label\">Partages<\/span><\/span><\/div>\n<\/div>\n<p>Les forces de l\u2019ordre ont r\u00e9ussi, ce dimanche matin, \u00e0 arr\u00eater trois hommes qui portaient le Niquab. Ayant, au d\u00e9but, \u00e9t\u00e9 interpell\u00e9s pour un simple contr\u00f4le, les trois individus se sont enfouis.<\/p>\n<p>Rattrap\u00e9s par les policiers, il s\u2019av\u00e9ra qu\u2019il s\u2019agissait de trois hommes qui s\u2019\u00e9taient d\u00e9guis\u00e9s de la sorte, pour voler dans les magasins. Des objets vol\u00e9s ont, d\u2019ailleurs, \u00e9t\u00e9 saisis sur eux.<\/p>\n<div class=\"code-block code-block-1 c3\"><ins class=\"adsbygoogle c2\" data-ad-layout=\"in-article\" data-ad-format=\"fluid\" data-ad-client=\"ca-pub-2102118777505746\" data-ad-slot=\"7301775417\"\/> <\/div>\n<div class=\"mvp-org-wrap mvp-org-logo\" itemprop=\"publisher\" itemscope=\"\" itemtype=\"https:\/\/schema.org\/Organization\"><img decoding=\"async\" src=\"https:\/\/www.tunisienumerique.com\/wp-content\/uploads\/2017\/02\/logo_tunisie_numerique.png\"\/><\/div>\n<div class=\"swp_social_panel swp_horizontal_panel swp_flat_fresh swp_default_full_color swp_individual_full_color swp_other_full_color scale-100 scale-\" data-min-width=\"1100\" data-float-color=\"#ffffff\" data-float=\"none\" data-float-mobile=\"none\" data-transition=\"slide\">\n<div class=\"nc_tweetContainer swp_share_button total_shares total_sharesalt\"><span class=\"swp_count\">1K <span class=\"swp_label\">Partages<\/span><\/span><\/div>\n<\/div>\n<div class=\"mvp-related-posts left relative\">\n<h4 class=\"post-header\"><span class=\"post-header\">Lire aussi<\/span><\/h4>\n<\/div>\n<\/div>\n<p>Auteur: LM<br \/>\n<a href=\"https:\/\/www.tunisienumerique.com\/tunisie-arrestation-a-tunis-de-trois-hommes-portant-le-niquab\/\">Cliquez ici pour lire l&rsquo;article depuis sa source.<\/a><\/p>\n","protected":false},"excerpt":{"rendered":"<p>1K Partages Les forces de l\u2019ordre ont r\u00e9ussi, ce dimanche matin, \u00e0 arr\u00eater trois hommes qui portaient le Niquab. Ayant, au d\u00e9but, \u00e9t\u00e9 interpell\u00e9s pour un simple contr\u00f4le, les trois individus se sont enfouis. Rattrap\u00e9s par les policiers, il s\u2019av\u00e9ra qu\u2019il s\u2019agissait de trois hommes qui s\u2019\u00e9taient d\u00e9guis\u00e9s de la sorte, pour voler dans les [&hellip;]<\/p>\n","protected":false},"author":1789,"featured_media":47628,"comment_status":"closed","ping_status":"closed","sticky":false,"template":"","format":"standard","meta":{"fifu_image_url":"","fifu_image_alt":"","footnotes":""},"categories":[73,55],"tags":[],"class_list":["post-47627","post","type-post","status-publish","format-standard","has-post-thumbnail","hentry","category-actualite","category-tunisie"],"_links":{"self":[{"href":"https:\/\/linitiative.ca\/International\/wp-json\/wp\/v2\/posts\/47627","targetHints":{"allow":["GET"]}}],"collection":[{"href":"https:\/\/linitiative.ca\/International\/wp-json\/wp\/v2\/posts"}],"about":[{"href":"https:\/\/linitiative.ca\/International\/wp-json\/wp\/v2\/types\/post"}],"author":[{"embeddable":true,"href":"https:\/\/linitiative.ca\/International\/wp-json\/wp\/v2\/users\/1789"}],"replies":[{"embeddable":true,"href":"https:\/\/linitiative.ca\/International\/wp-json\/wp\/v2\/comments?post=47627"}],"version-history":[{"count":0,"href":"https:\/\/linitiative.ca\/International\/wp-json\/wp\/v2\/posts\/47627\/revisions"}],"wp:featuredmedia":[{"embeddable":true,"href":"https:\/\/linitiative.ca\/International\/wp-json\/"}],"wp:attachment":[{"href":"https:\/\/linitiative.ca\/International\/wp-json\/wp\/v2\/media?parent=47627"}],"wp:term":[{"taxonomy":"category","embeddable":true,"href":"https:\/\/linitiative.ca\/International\/wp-json\/wp\/v2\/categories?post=47627"},{"taxonomy":"post_tag","embeddable":true,"href":"https:\/\/linitiative.ca\/International\/wp-json\/wp\/v2\/tags?post=47627"}],"curies":[{"name":"wp","href":"https:\/\/api.w.org\/{rel}","templated":true}]}}