{"id":47629,"date":"2019-07-21T12:30:49","date_gmt":"2019-07-21T16:30:49","guid":{"rendered":"https:\/\/linitiative.ca\/International\/tunisie-nidaa-tounes-demission-de-mohamed-ben-souf\/"},"modified":"2019-07-21T12:30:49","modified_gmt":"2019-07-21T16:30:49","slug":"tunisie-nidaa-tounes-demission-de-mohamed-ben-souf","status":"publish","type":"post","link":"https:\/\/linitiative.ca\/International\/tunisie-nidaa-tounes-demission-de-mohamed-ben-souf\/","title":{"rendered":"Tunisie \u2013 Nidaa Tounes\u00a0: D\u00e9mission de Mohamed Ben souf"},"content":{"rendered":"<div class=\"post-cont-in left relative\">\n<div class=\"swp_social_panel swp_horizontal_panel swp_flat_fresh swp_default_full_color swp_individual_full_color swp_other_full_color scale-100 scale-\" data-min-width=\"1100\" data-float-color=\"#ffffff\" data-float=\"none\" data-float-mobile=\"none\" data-transition=\"slide\">\n<div class=\"nc_tweetContainer swp_share_button total_shares total_sharesalt\"><span class=\"swp_count\">32 <span class=\"swp_label\">Partages<\/span><\/span><\/div>\n<\/div>\n<p>Le leader au sein de Nidaa tounes et d\u00e9put\u00e9 de son bloc parlementaire, Mohamed Ben Souf a annonc\u00e9, ce dimanche, sur sa page Facebook, qu\u2019il a, jusqu\u2019\u00e0 pr\u00e9sent, tout tent\u00e9 pour rapprocher les points de vues de toutes les parties au sein de Nidaa, parti qu\u2019il a collabor\u00e9 \u00e0 cr\u00e9er et qui a r\u00e9ussi \u00e0 r\u00e9tablir un certain \u00e9quilibre dans le pays.<\/p>\n<p>Mais Souf d\u00e9plore que tous ses efforts aient \u00e9t\u00e9 vains. Ce qui le pousse, \u00e0 la fin de cette session parlementaire, \u00e0 annoncer qu\u2019il n\u2019a plus rien \u00e0 donner au parti, ni \u00e0 ses partisans. Aussi, a-t-il annonc\u00e9, avec regret, qu\u2019il d\u00e9missionnait de toutes les instances du parti.<\/p>\n<div class=\"code-block code-block-1 c3\"><ins class=\"adsbygoogle c2\" data-ad-layout=\"in-article\" data-ad-format=\"fluid\" data-ad-client=\"ca-pub-2102118777505746\" data-ad-slot=\"7301775417\"\/> <\/div>\n<p><img loading=\"lazy\" decoding=\"async\" class=\"aligncenter size-full wp-image-449591\" src=\"https:\/\/www.tunisienumerique.com\/wp-content\/uploads\/2019\/07\/souf-comm.jpg\" alt=\"\" width=\"478\" height=\"480\" srcset=\"https:\/\/www.tunisienumerique.com\/wp-content\/uploads\/2019\/07\/souf-comm.jpg 478w, https:\/\/www.tunisienumerique.com\/wp-content\/uploads\/2019\/07\/souf-comm-80x80.jpg 80w\" sizes=\"auto, (max-width: 478px) 100vw, 478px\"\/><\/p>\n<div class=\"mvp-org-wrap mvp-org-logo\" itemprop=\"publisher\" itemscope=\"\" itemtype=\"https:\/\/schema.org\/Organization\"><img decoding=\"async\" src=\"https:\/\/www.tunisienumerique.com\/wp-content\/uploads\/2017\/02\/logo_tunisie_numerique.png\"\/><\/div>\n<div class=\"swp_social_panel swp_horizontal_panel swp_flat_fresh swp_default_full_color swp_individual_full_color swp_other_full_color scale-100 scale-\" data-min-width=\"1100\" data-float-color=\"#ffffff\" data-float=\"none\" data-float-mobile=\"none\" data-transition=\"slide\">\n<div class=\"nc_tweetContainer swp_share_button total_shares total_sharesalt\"><span class=\"swp_count\">32 <span class=\"swp_label\">Partages<\/span><\/span><\/div>\n<\/div>\n<div class=\"mvp-related-posts left relative\">\n<h4 class=\"post-header\"><span class=\"post-header\">Lire aussi<\/span><\/h4>\n<\/div>\n<\/div>\n<p>Auteur: LM<br \/>\n<a href=\"https:\/\/www.tunisienumerique.com\/tunisie-nidaa-tounes-demission-de-mohamed-ben-souf\/\">Cliquez ici pour lire l&rsquo;article depuis sa source.<\/a><\/p>\n","protected":false},"excerpt":{"rendered":"<p>32 Partages Le leader au sein de Nidaa tounes et d\u00e9put\u00e9 de son bloc parlementaire, Mohamed Ben Souf a annonc\u00e9, ce dimanche, sur sa page Facebook, qu\u2019il a, jusqu\u2019\u00e0 pr\u00e9sent, tout tent\u00e9 pour rapprocher les points de vues de toutes les parties au sein de Nidaa, parti qu\u2019il a collabor\u00e9 \u00e0 cr\u00e9er et qui a [&hellip;]<\/p>\n","protected":false},"author":1789,"featured_media":47630,"comment_status":"closed","ping_status":"closed","sticky":false,"template":"","format":"standard","meta":{"fifu_image_url":"","fifu_image_alt":"","footnotes":""},"categories":[73,55],"tags":[],"class_list":["post-47629","post","type-post","status-publish","format-standard","has-post-thumbnail","hentry","category-actualite","category-tunisie"],"_links":{"self":[{"href":"https:\/\/linitiative.ca\/International\/wp-json\/wp\/v2\/posts\/47629","targetHints":{"allow":["GET"]}}],"collection":[{"href":"https:\/\/linitiative.ca\/International\/wp-json\/wp\/v2\/posts"}],"about":[{"href":"https:\/\/linitiative.ca\/International\/wp-json\/wp\/v2\/types\/post"}],"author":[{"embeddable":true,"href":"https:\/\/linitiative.ca\/International\/wp-json\/wp\/v2\/users\/1789"}],"replies":[{"embeddable":true,"href":"https:\/\/linitiative.ca\/International\/wp-json\/wp\/v2\/comments?post=47629"}],"version-history":[{"count":0,"href":"https:\/\/linitiative.ca\/International\/wp-json\/wp\/v2\/posts\/47629\/revisions"}],"wp:featuredmedia":[{"embeddable":true,"href":"https:\/\/linitiative.ca\/International\/wp-json\/"}],"wp:attachment":[{"href":"https:\/\/linitiative.ca\/International\/wp-json\/wp\/v2\/media?parent=47629"}],"wp:term":[{"taxonomy":"category","embeddable":true,"href":"https:\/\/linitiative.ca\/International\/wp-json\/wp\/v2\/categories?post=47629"},{"taxonomy":"post_tag","embeddable":true,"href":"https:\/\/linitiative.ca\/International\/wp-json\/wp\/v2\/tags?post=47629"}],"curies":[{"name":"wp","href":"https:\/\/api.w.org\/{rel}","templated":true}]}}