{"id":47631,"date":"2019-07-21T14:25:37","date_gmt":"2019-07-21T18:25:37","guid":{"rendered":"https:\/\/linitiative.ca\/International\/can-2019-soutien-des-egyptiens-lentraineur-algerien-repond-a-un-journaliste-avec-ironie\/"},"modified":"2019-07-21T14:25:37","modified_gmt":"2019-07-21T18:25:37","slug":"can-2019-soutien-des-egyptiens-lentraineur-algerien-repond-a-un-journaliste-avec-ironie","status":"publish","type":"post","link":"https:\/\/linitiative.ca\/International\/can-2019-soutien-des-egyptiens-lentraineur-algerien-repond-a-un-journaliste-avec-ironie\/","title":{"rendered":"CAN 2019 : soutien des \u00e9gyptiens, l\u2019entra\u00eeneur alg\u00e9rien r\u00e9pond \u00e0 un journaliste avec ironie"},"content":{"rendered":"<div class=\"nc_socialPanel swp_flatFresh swp_d_fullColor swp_i_fullColor swp_o_fullColor scale-100 scale-fullWidth\" data-position=\"none\" data-float=\"floatNone\" data-count=\"5\" data-floatcolor=\"#ffffff\" data-emphasize=\"0\">\n<div class=\"nc_tweetContainer totes totesalt\" data-id=\"6\"><span class=\"swp_count\"><span class=\"swp_label\">Partages<\/span> 0<\/span><\/div>\n<\/div>\n<p dir=\"ltr\">Le s\u00e9lectionneur de la s\u00e9lection alg\u00e9rienne, Djamel Belmadi a corrig\u00e9 un journaliste \u00e9gyptien ayant affirm\u00e9 que les supporters \u00e9gyptiens ont \u00e9t\u00e9 tous unis derri\u00e8re les Fennecs, tous \u00ab supporteurs \u00bb de\u00a0 l\u2019Alg\u00e9rie lors du tournoi de la CAN 2019 au Caire.<\/p>\n<p dir=\"ltr\">Interrog\u00e9 par une journaliste \u00e9gyptien sur ses derni\u00e8res d\u00e9clarations li\u00e9es au soutien des supporters \u00e9gyptiens, Djamel Belmadi a recadr\u00e9 les choses avec ironie , \u00bb\u00a0 je devrais voir un opticien d\u00e8s que je rentrerai en France, parce je n\u2019ai pas vu et je n\u2019ai pas entendu \u00e7a \u00bb! a r\u00e9pliqu\u00e9 le s\u00e9lectionneur alg\u00e9rien.<\/p>\n<div class=\"code-block code-block-1 c4\"><ins class=\"adsbygoogle c3\" data-ad-layout=\"in-article\" data-ad-format=\"fluid\" data-ad-client=\"ca-pub-2102118777505746\" data-ad-slot=\"7301775417\"\/> <\/div>\n<p dir=\"ltr\">Avant\u00a0 la finale contre le S\u00e9n\u00e9gal, Belmadi avait d\u00e9clar\u00e9 lors d\u2019une conf\u00e9rence de presse que les supporters \u00e9gyptiens, ont \u00ab la libert\u00e9 de (choisir) qui ils veulent voir sur le podium africain \u00bb.<\/p>\n<p dir=\"ltr\">Cette d\u00e9claration a fait le tour des r\u00e9seaux sociaux et dans les m\u00e9dias \u00e9gyptiens et a provoqu\u00e9 une grosse col\u00e8re chez les supporters \u00e9gyptiens.<\/p>\n<div class=\"mvp-org-wrap mvp-org-logo\" itemprop=\"publisher\" itemscope=\"\" itemtype=\"https:\/\/schema.org\/Organization\"><img decoding=\"async\" src=\"https:\/\/sport.tunisienumerique.com\/wp-content\/uploads\/2017\/05\/logo_tunisie_numerique.png\"\/><\/div>\n<div class=\"nc_socialPanel swp_flatFresh swp_d_fullColor swp_i_fullColor swp_o_fullColor scale-100 scale-fullWidth\" data-position=\"none\" data-float=\"floatNone\" data-count=\"5\" data-floatcolor=\"#ffffff\" data-emphasize=\"0\">\n<div class=\"nc_tweetContainer totes totesalt\" data-id=\"6\"><span class=\"swp_count\"><span class=\"swp_label\">Partages<\/span> 0<\/span><\/div>\n<\/div>\n<p>Auteur: a.<br \/>\n<a href=\"https:\/\/sport.tunisienumerique.com\/can-2019-soutien-egyptiens-lentraineur-algerien-repond-a-journaliste-ironie\/\">Cliquez ici pour lire l&rsquo;article depuis sa source.<\/a><\/p>\n","protected":false},"excerpt":{"rendered":"<p>Partages 0 Le s\u00e9lectionneur de la s\u00e9lection alg\u00e9rienne, Djamel Belmadi a corrig\u00e9 un journaliste \u00e9gyptien ayant affirm\u00e9 que les supporters \u00e9gyptiens ont \u00e9t\u00e9 tous unis derri\u00e8re les Fennecs, tous \u00ab supporteurs \u00bb de\u00a0 l\u2019Alg\u00e9rie lors du tournoi de la CAN 2019 au Caire. Interrog\u00e9 par une journaliste \u00e9gyptien sur ses derni\u00e8res d\u00e9clarations li\u00e9es au soutien [&hellip;]<\/p>\n","protected":false},"author":1789,"featured_media":47632,"comment_status":"closed","ping_status":"closed","sticky":false,"template":"","format":"standard","meta":{"fifu_image_url":"","fifu_image_alt":"","footnotes":""},"categories":[73,55],"tags":[],"class_list":["post-47631","post","type-post","status-publish","format-standard","has-post-thumbnail","hentry","category-actualite","category-tunisie"],"_links":{"self":[{"href":"https:\/\/linitiative.ca\/International\/wp-json\/wp\/v2\/posts\/47631","targetHints":{"allow":["GET"]}}],"collection":[{"href":"https:\/\/linitiative.ca\/International\/wp-json\/wp\/v2\/posts"}],"about":[{"href":"https:\/\/linitiative.ca\/International\/wp-json\/wp\/v2\/types\/post"}],"author":[{"embeddable":true,"href":"https:\/\/linitiative.ca\/International\/wp-json\/wp\/v2\/users\/1789"}],"replies":[{"embeddable":true,"href":"https:\/\/linitiative.ca\/International\/wp-json\/wp\/v2\/comments?post=47631"}],"version-history":[{"count":0,"href":"https:\/\/linitiative.ca\/International\/wp-json\/wp\/v2\/posts\/47631\/revisions"}],"wp:featuredmedia":[{"embeddable":true,"href":"https:\/\/linitiative.ca\/International\/wp-json\/"}],"wp:attachment":[{"href":"https:\/\/linitiative.ca\/International\/wp-json\/wp\/v2\/media?parent=47631"}],"wp:term":[{"taxonomy":"category","embeddable":true,"href":"https:\/\/linitiative.ca\/International\/wp-json\/wp\/v2\/categories?post=47631"},{"taxonomy":"post_tag","embeddable":true,"href":"https:\/\/linitiative.ca\/International\/wp-json\/wp\/v2\/tags?post=47631"}],"curies":[{"name":"wp","href":"https:\/\/api.w.org\/{rel}","templated":true}]}}