{"id":47649,"date":"2019-07-21T07:50:01","date_gmt":"2019-07-21T11:50:01","guid":{"rendered":"https:\/\/linitiative.ca\/International\/nigeria-au-moins-37-morts-dans-des-attaques-dans-le-nord-ouest\/"},"modified":"2019-07-21T07:50:01","modified_gmt":"2019-07-21T11:50:01","slug":"nigeria-au-moins-37-morts-dans-des-attaques-dans-le-nord-ouest","status":"publish","type":"post","link":"https:\/\/linitiative.ca\/International\/nigeria-au-moins-37-morts-dans-des-attaques-dans-le-nord-ouest\/","title":{"rendered":"Nigeria: au moins 37 morts dans des attaques dans le nord-ouest"},"content":{"rendered":"<div readability=\"32\">\n<p>Publi\u00e9 le 21.07.2019 \u00e0 12h50 par AFP<\/p>\n<\/div>\n<div readability=\"105\">\n<p>Des hommes arm\u00e9s ont attaqu\u00e9 trois villages dans l\u2019Etat de Sokoto, dans le nord-ouest du Nigeria, faisant au moins 37 morts, ont rapport\u00e9 dimanche des sources locales et officielles.<\/p>\n<p>Mercredi soir, des \u00ab\u00a0bandits\u00a0\u00bb \u2013 ainsi qu\u2019ils sont d\u00e9sign\u00e9s dans cette r\u00e9gion \u2013 sont arriv\u00e9s en moto et ont men\u00e9 des raids dans trois villages du district de Goronyo, a expliqu\u00e9 \u00e0 l\u2019AFP, Zakari Chinaka, chef du district.<\/p>\n<p>\u00ab\u00a0Les bandits ont ouvert le feu sur les villageois et ont incendi\u00e9 les march\u00e9s et les r\u00e9coltes\u00a0\u00bb, a rapport\u00e9 M. Chinaka. \u00ab\u00a0Ils ont emmen\u00e9 avec eux tout le b\u00e9tail\u00a0\u00bb.<\/p>\n<p>Les villages de Kamitau, Ololo et Rijiyar Tsamiya, o\u00f9 ont eu lieu les massacres, se situent \u00e0 une centaine de kilom\u00e8tres de Sokoto, la capitale de l\u2019Etat \u00e9ponyme.<\/p>\n<p>\u00ab\u00a0Le massacre a dur\u00e9 pendant deux heures, sans r\u00e9ponse s\u00e9curitaire, compte tenu de la difficult\u00e9 d\u2019acc\u00e8s de la zone\u00a0\u00bb, a-t-il soulign\u00e9.<\/p>\n<p>Un habitant de Kamitau, o\u00f9 il y a eu 23 morts, a rapport\u00e9 \u00e0 l\u2019AFP que les gens du village ont tent\u00e9 de se d\u00e9fendre pour r\u00e9cup\u00e9rer leurs t\u00eates de b\u00e9tail, seul moyen de subsistance dans cette r\u00e9gion extr\u00eamement pauvre et recul\u00e9e.<\/p>\n<p>\u00ab\u00a0Mais les bandits ont rispost\u00e9 et ont tu\u00e9 encore plus de personnes\u00a0\u00bb, raconte Alu Ibrahim.<\/p>\n<p>L\u2019Etat de Sokoto, qui \u00e9tait pour l\u2019instant pr\u00e9serv\u00e9 des violences, est une nouvelle cible pour ces gangs criminels qui s\u00e8ment la terreur dans le nord-ouest du Nigeria, volent le b\u00e9tail et le vendent dans des circuits commerciaux parall\u00e8les tr\u00e8s lucratifs.<\/p>\n<p>Le mois dernier, 43 personnes ont \u00e9t\u00e9 tu\u00e9es dans les districts de Rabah et Isa.<\/p>\n<p>Le pr\u00e9sident Muhammadu Buhari a \u00ab\u00a0fermement condamn\u00e9\u00a0\u00bb ces tueries, dans la nuit de samedi \u00e0 dimanche, par la voie d\u2019un communiqu\u00e9.<\/p>\n<p>\u00ab\u00a0Le pr\u00e9sident s\u2019engage \u00e0 r\u00e9pondre avec force contre ces ennemis de l\u2019humanit\u00e9\u00a0\u00bb, \u00e9crit son assistant, Garba Shehu.<\/p>\n<p>La situation est tr\u00e8s pr\u00e9occupante dans cette r\u00e9gion, qui comprend les \u00c9tats de Katsina, Zamfara, Kaduna et Sokoto, o\u00f9 l\u2019on s\u2019inqui\u00e8te noamment de l\u2019infiltration de groupes islamistes dans ces gangs criminels devenus tr\u00e8s puissants au cours de douze derniers mois.<\/p>\n<p>D\u00e9but juillet, des \u00ab\u00a0bandits\u00a0\u00bb v\u00eatus de noir scandant \u00ab\u00a0Allahou akbar\u00a0\u00bb, ont attaqu\u00e9 un village de Katsina \u00e0 l\u2019aide de fusils et de lance-roquettes, selon la police locale.<\/p>\n<\/div>\n<p>Auteur: AFP<br \/>\n<a href=\"https:\/\/www.journalducameroun.com\/nigeria-au-moins-37-morts-dans-des-attaques-dans-le-nord-ouest\/\">Cliquez ici pour lire l&rsquo;article depuis sa source.<\/a><\/p>\n","protected":false},"excerpt":{"rendered":"<p>Publi\u00e9 le 21.07.2019 \u00e0 12h50 par AFP Des hommes arm\u00e9s ont attaqu\u00e9 trois villages dans l\u2019Etat de Sokoto, dans le nord-ouest du Nigeria, faisant au moins 37 morts, ont rapport\u00e9 dimanche des sources locales et officielles. Mercredi soir, des \u00ab\u00a0bandits\u00a0\u00bb \u2013 ainsi qu\u2019ils sont d\u00e9sign\u00e9s dans cette r\u00e9gion \u2013 sont arriv\u00e9s en moto et ont [&hellip;]<\/p>\n","protected":false},"author":1965,"featured_media":0,"comment_status":"closed","ping_status":"closed","sticky":false,"template":"","format":"standard","meta":{"fifu_image_url":"","fifu_image_alt":"","footnotes":""},"categories":[73,82],"tags":[],"class_list":["post-47649","post","type-post","status-publish","format-standard","hentry","category-actualite","category-cameroun"],"_links":{"self":[{"href":"https:\/\/linitiative.ca\/International\/wp-json\/wp\/v2\/posts\/47649","targetHints":{"allow":["GET"]}}],"collection":[{"href":"https:\/\/linitiative.ca\/International\/wp-json\/wp\/v2\/posts"}],"about":[{"href":"https:\/\/linitiative.ca\/International\/wp-json\/wp\/v2\/types\/post"}],"author":[{"embeddable":true,"href":"https:\/\/linitiative.ca\/International\/wp-json\/wp\/v2\/users\/1965"}],"replies":[{"embeddable":true,"href":"https:\/\/linitiative.ca\/International\/wp-json\/wp\/v2\/comments?post=47649"}],"version-history":[{"count":0,"href":"https:\/\/linitiative.ca\/International\/wp-json\/wp\/v2\/posts\/47649\/revisions"}],"wp:attachment":[{"href":"https:\/\/linitiative.ca\/International\/wp-json\/wp\/v2\/media?parent=47649"}],"wp:term":[{"taxonomy":"category","embeddable":true,"href":"https:\/\/linitiative.ca\/International\/wp-json\/wp\/v2\/categories?post=47649"},{"taxonomy":"post_tag","embeddable":true,"href":"https:\/\/linitiative.ca\/International\/wp-json\/wp\/v2\/tags?post=47649"}],"curies":[{"name":"wp","href":"https:\/\/api.w.org\/{rel}","templated":true}]}}