{"id":47650,"date":"2019-07-21T07:50:03","date_gmt":"2019-07-21T11:50:03","guid":{"rendered":"https:\/\/linitiative.ca\/International\/soudan-un-detenu-mort-a-la-suite-de-tortures-selon-un-comite-de-medecins\/"},"modified":"2019-07-21T07:50:03","modified_gmt":"2019-07-21T11:50:03","slug":"soudan-un-detenu-mort-a-la-suite-de-tortures-selon-un-comite-de-medecins","status":"publish","type":"post","link":"https:\/\/linitiative.ca\/International\/soudan-un-detenu-mort-a-la-suite-de-tortures-selon-un-comite-de-medecins\/","title":{"rendered":"Soudan: un d\u00e9tenu mort \u00e0 la suite de tortures, selon un comit\u00e9 de m\u00e9decins"},"content":{"rendered":"<div readability=\"32\">\n<p>Publi\u00e9 le 21.07.2019 \u00e0 12h50 par AFP<\/p>\n<\/div>\n<div readability=\"75\">\n<p>Un Soudanais d\u00e9tenu par le puissant Service national de renseignement et de s\u00e9curit\u00e9 (NISS) est mort en d\u00e9tention apr\u00e8s avoir \u00e9t\u00e9 tortur\u00e9, a accus\u00e9 dimanche un comit\u00e9 de m\u00e9decins li\u00e9 au mouvement de contestation actif depuis des mois au Soudan.<\/p>\n<p>Le d\u00e9tenu \u00ab\u00a0est d\u00e9c\u00e9d\u00e9 le 20 juillet 2019 apr\u00e8s avoir \u00e9t\u00e9 tortur\u00e9 alors qu\u2019il \u00e9tait d\u00e9tenu au si\u00e8ge du NISS \u00e0 Dilling\u00a0\u00bb, au Kordofan-Sud, r\u00e9gion au sud de Khartoum, a d\u00e9clar\u00e9 ce comit\u00e9 dans un communiqu\u00e9.<\/p>\n<p>\u00ab\u00a0Le NISS continue de torturer et de tuer des civils innocents de mani\u00e8re ill\u00e9gale sans qu\u2019il y ait de cons\u00e9quence\u00a0\u00bb pour les services de renseignements, a-t-il accus\u00e9, sans donner de d\u00e9tails sur les circonstances de l\u2019arrestation de la victime, ni sur son identit\u00e9.<\/p>\n<p>Contact\u00e9 par l\u2019AFP, le NISS n\u2019\u00e9tait pas joignable dans l\u2019imm\u00e9diat pour commenter.<\/p>\n<p>Sous le r\u00e8gne d\u2019Omar el-B\u00e9chir mais aussi apr\u00e8s sa destitution le 11 avril apr\u00e8s trois d\u00e9cennies au pouvoir, le NISS a \u00e9t\u00e9 de nombreuses fois accus\u00e9 d\u2019atteintes aux droits humains par des ONG.<\/p>\n<p>Depuis le d\u00e9but du mouvement de contestation, d\u00e9clench\u00e9 le 19 d\u00e9cembre 2018 par le triplement du prix du pain par le gouvernement, le NISS a men\u00e9 une s\u00e9v\u00e8re r\u00e9pression contre les manifestants, tuant des dizaines de personnes et arr\u00eatant de nombreux opposants.<\/p>\n<p>Apr\u00e8s des mois de n\u00e9gociations difficiles, les militaires, qui ont pris le pouvoir apr\u00e8s la chute de M. B\u00e9chir, ont conclu mercredi un accord sur le partage du pouvoir avec les repr\u00e9sentants du mouvement de contestation.<\/p>\n<p>Ils doivent \u00e0 nouveau se rencontrer afin de r\u00e9soudre des questions rest\u00e9es en suspens, dont la plus \u00e9pineuse porte sur l\u2019immunit\u00e9 des g\u00e9n\u00e9raux en lien avec la r\u00e9pression des manifestants.<\/p>\n<\/div>\n<p>Auteur: AFP<br \/>\n<a href=\"https:\/\/www.journalducameroun.com\/soudan-un-detenu-mort-a-la-suite-de-tortures-selon-un-comite-de-medecins\/\">Cliquez ici pour lire l&rsquo;article depuis sa source.<\/a><\/p>\n","protected":false},"excerpt":{"rendered":"<p>Publi\u00e9 le 21.07.2019 \u00e0 12h50 par AFP Un Soudanais d\u00e9tenu par le puissant Service national de renseignement et de s\u00e9curit\u00e9 (NISS) est mort en d\u00e9tention apr\u00e8s avoir \u00e9t\u00e9 tortur\u00e9, a accus\u00e9 dimanche un comit\u00e9 de m\u00e9decins li\u00e9 au mouvement de contestation actif depuis des mois au Soudan. Le d\u00e9tenu \u00ab\u00a0est d\u00e9c\u00e9d\u00e9 le 20 juillet 2019 [&hellip;]<\/p>\n","protected":false},"author":1965,"featured_media":0,"comment_status":"closed","ping_status":"closed","sticky":false,"template":"","format":"standard","meta":{"fifu_image_url":"","fifu_image_alt":"","footnotes":""},"categories":[73,82],"tags":[],"class_list":["post-47650","post","type-post","status-publish","format-standard","hentry","category-actualite","category-cameroun"],"_links":{"self":[{"href":"https:\/\/linitiative.ca\/International\/wp-json\/wp\/v2\/posts\/47650","targetHints":{"allow":["GET"]}}],"collection":[{"href":"https:\/\/linitiative.ca\/International\/wp-json\/wp\/v2\/posts"}],"about":[{"href":"https:\/\/linitiative.ca\/International\/wp-json\/wp\/v2\/types\/post"}],"author":[{"embeddable":true,"href":"https:\/\/linitiative.ca\/International\/wp-json\/wp\/v2\/users\/1965"}],"replies":[{"embeddable":true,"href":"https:\/\/linitiative.ca\/International\/wp-json\/wp\/v2\/comments?post=47650"}],"version-history":[{"count":0,"href":"https:\/\/linitiative.ca\/International\/wp-json\/wp\/v2\/posts\/47650\/revisions"}],"wp:attachment":[{"href":"https:\/\/linitiative.ca\/International\/wp-json\/wp\/v2\/media?parent=47650"}],"wp:term":[{"taxonomy":"category","embeddable":true,"href":"https:\/\/linitiative.ca\/International\/wp-json\/wp\/v2\/categories?post=47650"},{"taxonomy":"post_tag","embeddable":true,"href":"https:\/\/linitiative.ca\/International\/wp-json\/wp\/v2\/tags?post=47650"}],"curies":[{"name":"wp","href":"https:\/\/api.w.org\/{rel}","templated":true}]}}