{"id":47651,"date":"2019-07-21T08:50:01","date_gmt":"2019-07-21T12:50:01","guid":{"rendered":"https:\/\/linitiative.ca\/International\/hong-kong-nouvelle-manifestation-massive-anti-gouvernementale\/"},"modified":"2019-07-21T08:50:01","modified_gmt":"2019-07-21T12:50:01","slug":"hong-kong-nouvelle-manifestation-massive-anti-gouvernementale","status":"publish","type":"post","link":"https:\/\/linitiative.ca\/International\/hong-kong-nouvelle-manifestation-massive-anti-gouvernementale\/","title":{"rendered":"Hong Kong: nouvelle manifestation massive anti-gouvernementale"},"content":{"rendered":"<div readability=\"32\">\n<p>Publi\u00e9 le 21.07.2019 \u00e0 13h50 par AFP<\/p>\n<\/div>\n<div readability=\"127\">\n<p>Des dizaines de milliers de manifestants ont de nouveau envahi les rues de Hong Kong dimanche en signe de protestation contre le gouvernement pro-P\u00e9kin du territoire semi-autonome, pour le septi\u00e8me week-end d\u2019affil\u00e9e.<\/p>\n<p>Hong Kong, plong\u00e9e dans une crise politique majeure, est le th\u00e9\u00e2tre depuis le 9 juin de gigantesques manifestations marqu\u00e9es de fa\u00e7on sporadique par des affrontements violents entre des contestataires radicaux et la police.<\/p>\n<p>Le mouvement est parti du rejet d\u2019un projet de loi d\u00e9sormais suspendu visant \u00e0 autoriser les extraditions vers la Chine.<\/p>\n<p>La contestation s\u2019est \u00e9largie \u00e0 des exigences plus vastes concernant la pr\u00e9servation des acquis d\u00e9mocratiques et des libert\u00e9s \u2014 en particulier d\u2019expression et l\u2019ind\u00e9pendance de la justice \u2014 dont cette ancienne colonie britannique revenue dans le giron chinois en 1997 jouit, th\u00e9oriquement jusqu\u2019en 2047, aux termes de l\u2019accord de r\u00e9trocession.<\/p>\n<p>Dans la foule, Anita Poon, 35 ans, raconte qu\u2019elle s\u2019est d\u00e9cid\u00e9e \u00e0 venir manifester pour la premi\u00e8re fois, apr\u00e8s avoir vu la marche des personnes \u00e2g\u00e9es mercredi en solidarit\u00e9 avec le mouvement de contestation.<\/p>\n<p>\u00ab\u00a0Quand m\u00eame les grands-m\u00e8res sont dans la rue, comment peut-on rester devant la t\u00e9l\u00e9vision?\u00a0\u00bb explique-t-elle \u00e0 l\u2019AFP. \u00ab\u00a0Le gouvernement n\u2019a pas r\u00e9pondu \u00e0 la voix du peuple, c\u2019est pourquoi cela continue\u00a0\u00bb, dit-elle.<\/p>\n<p>Les autorit\u00e9s avaient renforc\u00e9 la s\u00e9curit\u00e9 dans le centre du hub financier international en pr\u00e9vision de la manifestation.<\/p>\n<p>Les barri\u00e8res m\u00e9talliques, souvent utilis\u00e9es comme barricades, avaient \u00e9t\u00e9 retir\u00e9es. Le si\u00e8ge de la police, devant lequel se sont rassembl\u00e9s de nombreux manifestants, \u00e9tait entour\u00e9 de lourdes barri\u00e8res de s\u00e9curit\u00e9 en plastique remplies d\u2019eau.<\/p>\n<p>La foule a aussi occup\u00e9 une importante art\u00e8re routi\u00e8re pr\u00e8s du parlement. La police anti-\u00e9meute maintenait une pr\u00e9sence discr\u00e8te et l\u2019atmosph\u00e8re \u00e9tait calme.<\/p>\n<p>\u00ab\u00a0Depuis trop longtemps notre gouvernement nous ment et nous trompe, et refuse de r\u00e9pondre aux demandes du peuple malgr\u00e9 les nombreuses manifestations massives\u00a0\u00bb, a d\u00e9clar\u00e9 un groupe de protestataires en lisant un manifeste avant le d\u00e9fil\u00e9.<\/p>\n<p>Le mouvement de contestation est notamment nourri par des disparitions de libraires dissidents, r\u00e9apparus ensuite en d\u00e9tention en Chine continentale, la disqualification d\u2019opposants et l\u2019incarc\u00e9ration de leaders du mouvement pro-d\u00e9mocratie.<\/p>\n<p>Les protestataires exigent la d\u00e9mission de la cheffe de l\u2019ex\u00e9cutif local Carrie Lam, que P\u00e9kin soutient de tout son poids, le retrait pur et simple du texte sur les extraditions, une enqu\u00eate ind\u00e9pendante sur les violences polici\u00e8res suppos\u00e9es et l\u2019amnistie des personnes arr\u00eat\u00e9es. Ils appellent aussi \u00e0 nouveau \u00e0 l\u2019\u00e9lection au suffrage universel du chef de gouvernement.<\/p>\n<p>Selon des informations parues cette semaine dans le quotidien South China Morning Post, P\u00e9kin semble d\u00e9cid\u00e9 \u00e0 renforcer son soutien \u00e0 la cheffe de l\u2019ex\u00e9cutif et \u00e0 la police, plut\u00f4t qu\u2019\u00e0 tenter de r\u00e9pondre \u00e0 la col\u00e8re des manifestants.<\/p>\n<p>Steve Vickers, ancien policier et sp\u00e9cialiste en s\u00e9curit\u00e9, a estim\u00e9 que la situation risquait d&rsquo;\u00a0\u00bbempirer\u00a0\u00bb dans les prochaines semaines. \u00ab\u00a0La polarisation au sein de la soci\u00e9t\u00e9 hong-kongaise et les relations tr\u00e8s acrimonieuses entre les contestataires et la police s\u2019aggravent\u00a0\u00bb, juge-t-il.<\/p>\n<p>Samedi, plusieurs dizaines de milliers de personnes s\u2019\u00e9taient rassembl\u00e9es \u00e0 Hong Kong pour exprimer leur soutien \u00e0 la police et au gouvernement pro-P\u00e9kin.<\/p>\n<p>La police de Hong Kong est en premi\u00e8re ligne de la col\u00e8re des manifestants anti-gouvernementaux, qui l\u2019accusent d\u2019\u00eatre aux ordres des autorit\u00e9s pro-P\u00e9kin.<\/p>\n<p>Le m\u00eame jour, la police a annonc\u00e9 avoir d\u00e9couvert un laboratoire clandestin de fabrication d\u2019explosif TATP, mis la main sur des tracts pro-ind\u00e9pendance et arr\u00eat\u00e9 un homme.<\/p>\n<\/div>\n<p>Auteur: AFP<br \/>\n<a href=\"https:\/\/www.journalducameroun.com\/hong-kong-nouvelle-manifestation-massive-anti-gouvernementale-2\/\">Cliquez ici pour lire l&rsquo;article depuis sa source.<\/a><\/p>\n","protected":false},"excerpt":{"rendered":"<p>Publi\u00e9 le 21.07.2019 \u00e0 13h50 par AFP Des dizaines de milliers de manifestants ont de nouveau envahi les rues de Hong Kong dimanche en signe de protestation contre le gouvernement pro-P\u00e9kin du territoire semi-autonome, pour le septi\u00e8me week-end d\u2019affil\u00e9e. Hong Kong, plong\u00e9e dans une crise politique majeure, est le th\u00e9\u00e2tre depuis le 9 juin de [&hellip;]<\/p>\n","protected":false},"author":1965,"featured_media":0,"comment_status":"closed","ping_status":"closed","sticky":false,"template":"","format":"standard","meta":{"fifu_image_url":"","fifu_image_alt":"","footnotes":""},"categories":[73,82],"tags":[],"class_list":["post-47651","post","type-post","status-publish","format-standard","hentry","category-actualite","category-cameroun"],"_links":{"self":[{"href":"https:\/\/linitiative.ca\/International\/wp-json\/wp\/v2\/posts\/47651","targetHints":{"allow":["GET"]}}],"collection":[{"href":"https:\/\/linitiative.ca\/International\/wp-json\/wp\/v2\/posts"}],"about":[{"href":"https:\/\/linitiative.ca\/International\/wp-json\/wp\/v2\/types\/post"}],"author":[{"embeddable":true,"href":"https:\/\/linitiative.ca\/International\/wp-json\/wp\/v2\/users\/1965"}],"replies":[{"embeddable":true,"href":"https:\/\/linitiative.ca\/International\/wp-json\/wp\/v2\/comments?post=47651"}],"version-history":[{"count":0,"href":"https:\/\/linitiative.ca\/International\/wp-json\/wp\/v2\/posts\/47651\/revisions"}],"wp:attachment":[{"href":"https:\/\/linitiative.ca\/International\/wp-json\/wp\/v2\/media?parent=47651"}],"wp:term":[{"taxonomy":"category","embeddable":true,"href":"https:\/\/linitiative.ca\/International\/wp-json\/wp\/v2\/categories?post=47651"},{"taxonomy":"post_tag","embeddable":true,"href":"https:\/\/linitiative.ca\/International\/wp-json\/wp\/v2\/tags?post=47651"}],"curies":[{"name":"wp","href":"https:\/\/api.w.org\/{rel}","templated":true}]}}