{"id":47652,"date":"2019-07-21T08:50:03","date_gmt":"2019-07-21T12:50:03","guid":{"rendered":"https:\/\/linitiative.ca\/International\/la-guerre-culturelle-fait-rage-dans-le-bresil-de-bolsonaro\/"},"modified":"2019-07-21T08:50:03","modified_gmt":"2019-07-21T12:50:03","slug":"la-guerre-culturelle-fait-rage-dans-le-bresil-de-bolsonaro","status":"publish","type":"post","link":"https:\/\/linitiative.ca\/International\/la-guerre-culturelle-fait-rage-dans-le-bresil-de-bolsonaro\/","title":{"rendered":"La \u00ab\u00a0guerre culturelle\u00a0\u00bb fait rage dans le Br\u00e9sil de Bolsonaro"},"content":{"rendered":"<div readability=\"32\">\n<p>Publi\u00e9 le 21.07.2019 \u00e0 13h50 par AFP<\/p>\n<\/div>\n<div readability=\"158\">\n<p>\u00ab\u00a0Cr\u00e9er une machine de guerre culturelle\u00a0\u00bb: c\u2019est la mission de Roberto Alvim, choisi par le pr\u00e9sident d\u2019extr\u00eame droite Jair Bolsonaro pour diriger le principal organe public qui r\u00e9git le spectacle vivant au Br\u00e9sil.<\/p>\n<p>Nomm\u00e9 fin juin \u00e0 la t\u00eate du Centre des Arts de la sc\u00e8ne de la Fondation National des Arts (Funarte), ce metteur en sc\u00e8ne r\u00e9put\u00e9 est d\u00e9termin\u00e9 \u00e0 mener une \u00ab\u00a0croisade\u00a0\u00bb contre les id\u00e9es progressistes.<\/p>\n<p>Pour cela, il a publi\u00e9 sur les r\u00e9seaux sociaux un appel aux professionnels du secteur \u00ab\u00a0align\u00e9s avec les valeurs conservatrices\u00a0\u00bb \u00e0 s\u2019unir pour contrecarrer ce qu\u2019il consid\u00e8re comme une offensive d\u2019artistes accus\u00e9s de propager le \u00ab\u00a0marxisme culturel\u00a0\u00bb.<\/p>\n<p>\u00ab\u00a0Je n\u2019ai pas invent\u00e9 la guerre culturelle. Elle a \u00e9t\u00e9 men\u00e9e de fa\u00e7on brutale par la gauche depuis au moins 30 ans\u00a0\u00bb, explique le metteur en sc\u00e8ne de 46 ans dans un \u00e9change de messages sur Whatsapp avec l\u2019AFP.<\/p>\n<p>\u00ab\u00a0Tout artiste non align\u00e9 avec la gauche est boycott\u00e9, diffam\u00e9 et on l\u2019emp\u00eache de travailler, \u00e7a m\u2019est arriv\u00e9\u00a0\u00bb, souligne-t-il.<\/p>\n<p>Au sein de la Funarte, Roberto Alvim veut \u00e0 pr\u00e9sent \u00ab\u00a0\u00e9quilibrer le jeu\u00a0\u00bb.<\/p>\n<p>Comment ? Avec le nerf de la guerre, des subventions visant \u00e0 \u00ab\u00a0donner les moyens mat\u00e9riels pour la cr\u00e9ation d\u2019oeuvres qui \u00e9mancipent le spectateur po\u00e9tiquement\u00a0\u00bb.<\/p>\n<p>\u00ab\u00a0Tout le contraire de ces oeuvres au service d\u2019int\u00e9r\u00eats progressistes, avec un discours id\u00e9ologique orient\u00e9. C\u2019est ce qui caract\u00e9rise le th\u00e9\u00e2tre br\u00e9silien depuis longtemps\u00a0\u00bb, ajoute-t-il.<\/p>\n<p>Il mise notamment sur la \u00ab\u00a0cr\u00e9ation de compagnies au r\u00e9pertoire classique, tout comme l\u2019\u00e9criture d\u2019oeuvres contemporaines qui aient pour r\u00e9f\u00e9rence la complexit\u00e9 technique et la profondeur de celles de Shakespeare, Nelson Rodriguez, Esquilo, Strindberg ou Ibsen\u00a0\u00bb.<\/p>\n<p>\u00ab\u00a0On peut dire que c\u2019est un combat similaire \u00e0 celui des croisades. Nous nous battons pour notre civilisation jud\u00e9o-chr\u00e9tienne, contre sa destruction par les forces progressistes\u00a0\u00bb, r\u00e9sume cet admirateur du philosophe sulfureux Olavo de Carvalho, le \u00ab\u00a0gourou\u00a0\u00bb du pr\u00e9sident Bolsonaro.<\/p>\n<p>La vague ultra-conservatrice qui a permis l\u2019\u00e9lection au Br\u00e9sil de ce chantre de la dictature militaire (1964-1985) a \u00e9galement submerg\u00e9 les milieux artistiques.<\/p>\n<p>Le minist\u00e8re de la Culture a tout simplement disparu, r\u00e9duit au rang de simple d\u00e9partement de celui de la Citoyennet\u00e9.<\/p>\n<p>\u2013 Crise d\u2019identit\u00e9 \u2013<\/p>\n<p>Pour le philosophe Eduardo Wolf, chercheur \u00e0 l\u2019universit\u00e9 catholique PUC de Sao Paulo, cette \u00ab\u00a0guerre culturelle\u00a0\u00bb est livr\u00e9e autour de questions ethniques, religieuses ou de sexualit\u00e9, \u00ab\u00a0quand l\u2019identit\u00e9 nationale est consid\u00e9r\u00e9e comme un concept fig\u00e9, ce qui est un mythe\u00a0\u00bb.<\/p>\n<p>Mais il admet que \u00ab\u00a0la radicalisation id\u00e9ologique de la gauche a attis\u00e9 les tensions\u00a0\u00bb et provoqu\u00e9 \u00ab\u00a0une r\u00e9action d\u2019une droite r\u00e9gressive, adepte de th\u00e9ories du complot et des r\u00e9ponses autoritaires\u00a0\u00bb.<\/p>\n<p>Les contours de la \u00ab\u00a0croisade\u00a0\u00bb du gouvernement ne sont pas encore clairement d\u00e9finis, mais les partisans de M. Bolsonaro ont d\u00e9j\u00e0 commenc\u00e9 \u00e0 se mobiliser, parfois de fa\u00e7on muscl\u00e9e, pour montrer leur d\u00e9sapprobation vis-\u00e0-vis de manifestations culturelles.<\/p>\n<p>Mercredi, le salon du livre de Jaragu\u00e1 do Sul (sud) a annul\u00e9 la participation de la journaliste Miriam Leitao et de son mari, le sociologue S\u00e9rgio Abranches, tr\u00e8s critiques envers le gouvernement, en raison de menaces \u00e0 leur encontre.<\/p>\n<p>Nayse Lopez, coordinatrice artistique du festival de danse Panorama, se dit par ailleurs inqui\u00e8te des difficult\u00e9s \u00e0 trouver des financements, aussi bien publics que priv\u00e9s, dans un pays plomb\u00e9 par la crise \u00e9conomique.<\/p>\n<p>Pour elle, l\u2019impact des politiques publiques ne pourra \u00eatre mesur\u00e9 \u00ab\u00a0que dans six mois ou un an, quand on verra combien le gouvernement a consacr\u00e9 au financement de projets\u00a0\u00bb culturels.<\/p>\n<p>Jeudi soir, le pr\u00e9sident Bolsonaro a d\u00e9j\u00e0 annonc\u00e9 la couleur, affirmant que l\u2019argent public ne devrait plus \u00eatre utilis\u00e9 pour des productions comme \u00ab\u00a0Bruna Surfistinha\u00a0\u00bb, film de 2011 qui raconte l\u2019histoire d\u2019une c\u00e9l\u00e8bre prostitu\u00e9e.<\/p>\n<p>La vague conservatrice oblige les artistes \u00ab\u00a0\u00e0 \u00e9laborer de nouvelles strat\u00e9gies pour exister dans une soci\u00e9t\u00e9 aussi divis\u00e9e\u00a0\u00bb, explique Nayse Lopez.<\/p>\n<p>\u00ab\u00a0Je ne peux pas croire que le Br\u00e9sil puisse vivre sans art, nous allons trouver des moyens de survie\u00a0\u00bb.<\/p>\n<p>\u00ab\u00a0Au Br\u00e9sil en ce moment, nous devons vraiment \u00eatre unis pour r\u00e9sister \u00e0 certaines des choses folles qui se d\u00e9roulent\u00a0\u00bb, a affirm\u00e9 en mai \u00e0 l\u2019AFP Kl\u00e9ber Mendon\u00e7a, r\u00e9alisateur de \u00ab\u00a0Bacurau\u00a0\u00bb, qui a remport\u00e9 le prix du Jury au dernier festival de Cannes.<\/p>\n<\/div>\n<p>Auteur: AFP<br \/>\n<a href=\"https:\/\/www.journalducameroun.com\/la-guerre-culturelle-fait-rage-dans-le-bresil-de-bolsonaro\/\">Cliquez ici pour lire l&rsquo;article depuis sa source.<\/a><\/p>\n","protected":false},"excerpt":{"rendered":"<p>Publi\u00e9 le 21.07.2019 \u00e0 13h50 par AFP \u00ab\u00a0Cr\u00e9er une machine de guerre culturelle\u00a0\u00bb: c\u2019est la mission de Roberto Alvim, choisi par le pr\u00e9sident d\u2019extr\u00eame droite Jair Bolsonaro pour diriger le principal organe public qui r\u00e9git le spectacle vivant au Br\u00e9sil. Nomm\u00e9 fin juin \u00e0 la t\u00eate du Centre des Arts de la sc\u00e8ne de la [&hellip;]<\/p>\n","protected":false},"author":1965,"featured_media":0,"comment_status":"closed","ping_status":"closed","sticky":false,"template":"","format":"standard","meta":{"fifu_image_url":"","fifu_image_alt":"","footnotes":""},"categories":[73,82],"tags":[],"class_list":["post-47652","post","type-post","status-publish","format-standard","hentry","category-actualite","category-cameroun"],"_links":{"self":[{"href":"https:\/\/linitiative.ca\/International\/wp-json\/wp\/v2\/posts\/47652","targetHints":{"allow":["GET"]}}],"collection":[{"href":"https:\/\/linitiative.ca\/International\/wp-json\/wp\/v2\/posts"}],"about":[{"href":"https:\/\/linitiative.ca\/International\/wp-json\/wp\/v2\/types\/post"}],"author":[{"embeddable":true,"href":"https:\/\/linitiative.ca\/International\/wp-json\/wp\/v2\/users\/1965"}],"replies":[{"embeddable":true,"href":"https:\/\/linitiative.ca\/International\/wp-json\/wp\/v2\/comments?post=47652"}],"version-history":[{"count":0,"href":"https:\/\/linitiative.ca\/International\/wp-json\/wp\/v2\/posts\/47652\/revisions"}],"wp:attachment":[{"href":"https:\/\/linitiative.ca\/International\/wp-json\/wp\/v2\/media?parent=47652"}],"wp:term":[{"taxonomy":"category","embeddable":true,"href":"https:\/\/linitiative.ca\/International\/wp-json\/wp\/v2\/categories?post=47652"},{"taxonomy":"post_tag","embeddable":true,"href":"https:\/\/linitiative.ca\/International\/wp-json\/wp\/v2\/tags?post=47652"}],"curies":[{"name":"wp","href":"https:\/\/api.w.org\/{rel}","templated":true}]}}