{"id":47653,"date":"2019-07-21T09:50:02","date_gmt":"2019-07-21T13:50:02","guid":{"rendered":"https:\/\/linitiative.ca\/International\/lescalade-des-tensions-dans-le-golfe\/"},"modified":"2019-07-21T09:50:02","modified_gmt":"2019-07-21T13:50:02","slug":"lescalade-des-tensions-dans-le-golfe","status":"publish","type":"post","link":"https:\/\/linitiative.ca\/International\/lescalade-des-tensions-dans-le-golfe\/","title":{"rendered":"L\u2019escalade des tensions dans le Golfe"},"content":{"rendered":"<p>R\u00e9gion cruciale pour les \u00e9changes mondiaux de p\u00e9trole, le Golfe conna\u00eet une escalade des tensions depuis le retrait unilat\u00e9ral des Etats-Unis en mai 2018 de l\u2019accord sur le nucl\u00e9aire iranien et le r\u00e9tablissement de lourdes sanctions am\u00e9ricaines contre T\u00e9h\u00e9ran.<\/p>\n<p>\u2013 D\u00e9sengagement de l\u2019accord nucl\u00e9aire \u2013<\/p>\n<p>Le 8 mai 2018, le pr\u00e9sident am\u00e9ricain Donald Trump annonce le retrait des Etats-Unis de l\u2019accord international sur le nucl\u00e9aire iranien et le r\u00e9tablissement de sanctions \u00e9conomiques contre l\u2019Iran.<\/p>\n<p>Conclu \u00e0 Vienne en 2015 entre l\u2019Iran et les Six (Chine, Etats-Unis, France, Royaume-Unie, Russie, et Allemagne), l\u2019accord avait permis la lev\u00e9e d\u2019une partie des sanctions contre T\u00e9h\u00e9ran en \u00e9change d\u2019un contr\u00f4le international accru sur le programme nucl\u00e9aire iranien et de l\u2019engagement de T\u00e9h\u00e9ran \u00e0 ne pas se doter de l\u2019arme atomique.<\/p>\n<p>Asphyxi\u00e9 \u00e9conomiquement par le r\u00e9tablissement des sanctions, et pour mettre la pression sur les pays europ\u00e9ens toujours engag\u00e9s dans l\u2019accord, l\u2019Iran annonce le 8 mai 2019 qu\u2019il cessera de respecter \u00e0 partir de fin juin deux mesures auxquelles il s\u2019\u00e9tait engag\u00e9 dans le cadre du pacte nucl\u00e9aire. Jusqu\u2019ici, T\u00e9h\u00e9ran avait respect\u00e9 ses engagements, selon l\u2019Agence internationale de l\u2019\u00e9nergie atomique (AIEA).<\/p>\n<p>L\u2019Iran demande aux Europ\u00e9ens de trouver des m\u00e9canismes efficaces pour lui permettre de contourner les sanctions am\u00e9ricaines.<\/p>\n<p>\u2013 Remous autour du d\u00e9troit d\u2019Ormuz \u2013<\/p>\n<p>Depuis mai, alors que Washington renforce sa pr\u00e9sence militaire, la r\u00e9gion du Golfe voit se multiplier les incidents: sabotages et attaques de navires, drone abattu\u2026<\/p>\n<p>Situ\u00e9 entre l\u2019Iran et le sultanat d\u2019Oman, le d\u00e9troit d\u2019Ormuz est particuli\u00e8rement vuln\u00e9rable en raison de sa faible largeur, 50 kilom\u00e8tres environ, et de sa profondeur, qui n\u2019exc\u00e8de pas 60 m\u00e8tres.<\/p>\n<p>Il reste la voie de navigation quasi-exclusive reliant les producteurs d\u2019hydrocarbures du Moyen-Orient aux march\u00e9s d\u2019Asie, d\u2019Europe et d\u2019Am\u00e9rique du Nord. En 2018, environ 21 millions de barils de brut ont transit\u00e9 chaque jour par ce couloir.<\/p>\n<p>Le 12 mai, quatre navires, dont trois p\u00e9troliers, sont la cible d&rsquo;\u00a0\u00bbactes de sabotage\u00a0\u00bb dans les eaux territoriales \u00e9miraties. Washington et Ryad incriminent l\u2019Iran, qui a menac\u00e9 \u00e0 plusieurs reprises de fermer le d\u00e9troit d\u2019Ormuz. T\u00e9h\u00e9ran d\u00e9ment.<\/p>\n<p>Le 13 juin, deux p\u00e9troliers, dont un japonais, sont attaqu\u00e9s en mer d\u2019Oman. Washington, Londres et Ryad accusent l\u2019Iran, qui nie.<\/p>\n<p>Le 20 juin, les Gardiens de la R\u00e9volution, l\u2019arm\u00e9e id\u00e9ologique iranienne, annoncent avoir abattu un drone am\u00e9ricain qui avait \u00ab\u00a0viol\u00e9 l\u2019espace a\u00e9rien iranien\u00a0\u00bb. Washington affirme que l\u2019appareil se trouvait dans l\u2019espace a\u00e9rien international.<\/p>\n<p>Le 18 juillet, M. Trump affirme qu\u2019un navire am\u00e9ricain, l\u2019USS Boxer, a d\u00e9truit au-dessus du d\u00e9troit d\u2019Ormuz un drone iranien s\u2019approchant dangereusement d\u2019un navire am\u00e9ricain. All\u00e9gations \u00ab\u00a0sans fondement\u00a0\u00bb, selon les forces arm\u00e9es iraniennes.<\/p>\n<p>\u2013 Tankers arraisonn\u00e9s \u2013<\/p>\n<p>Les relations entre Londres et T\u00e9h\u00e9ran se sont tendues apr\u00e8s l\u2019arraisonnement le 4 juillet d\u2019un p\u00e9trolier iranien au large de Gibraltar, soup\u00e7onn\u00e9 de vouloir livrer du brut \u00e0 la Syrie en violation des sanctions europ\u00e9ennes. L\u2019Iran nie et dit qu\u2019il ripostera \u00e0 cet acte de \u00ab\u00a0piraterie\u00a0\u00bb.<\/p>\n<p>Le 10 juillet, la marine militaire iranienne tente, selon Londres, \u00ab\u00a0d\u2019emp\u00eacher le passage\u00a0\u00bb d\u2019un p\u00e9trolier britannique dans le d\u00e9troit d\u2019Ormuz. Les Gardiens de la R\u00e9volution nient toute \u00ab\u00a0confrontation\u00a0\u00bb avec des navires \u00e9trangers.<\/p>\n<p>Le 19, les Gardiens annoncent avoir arraisonn\u00e9 un p\u00e9trolier battant pavillon britannique, le Stena Impero, dans le d\u00e9troit d\u2019Ormuz pour \u00ab\u00a0non respect du code maritime international\u00a0\u00bb.<\/p>\n<p>La saisie intervient quelques heures apr\u00e8s la d\u00e9cision de la Cour supr\u00eame de Gibraltar de prolonger pour 30 jours l\u2019immobilisation du p\u00e9trolier iranien.<\/p>\n<p>Qualifiant cette saisie \u00ab\u00a0d\u2019inacceptable\u00a0\u00bb, Londres appelle les navires britanniques \u00e0 \u00e9viter le d\u00e9troit d\u2019Ormuz. Le chef de la diplomatie britannique Jeremy Hunt d\u00e9clare que Londres souhaite un \u00ab\u00a0apaisement\u00a0\u00bb des tensions avec l\u2019Iran, mais souligne que le Stena Impero a \u00e9t\u00e9 arraisonn\u00e9 \u00ab\u00a0en claire violation du droit international\u00a0\u00bb.<\/p>\n<p>Washington d\u00e9nonce la \u00ab\u00a0surench\u00e8re de la violence\u00a0\u00bb de l\u2019Iran. L\u2019Allemagne, la France et l\u2019Union europ\u00e9enne appellent \u00e0 lib\u00e9rer imm\u00e9diatement le p\u00e9trolier.<\/p>\n<p>Le 21, T\u00e9h\u00e9ran indique que l\u2019enqu\u00eate d\u00e9pendra \u00ab\u00a0de la coop\u00e9ration\u00a0\u00bb de l\u2019\u00e9quipage.<\/p>\n<p>Le 18 juillet, l\u2019Iran avait annonc\u00e9 d\u00e9tenir un autre tanker \u00e9tranger et son \u00e9quipage soup\u00e7onn\u00e9s de se livrer \u00e0 de la \u00ab\u00a0contrebande\u00a0\u00bb de carburant dans le Golfe. Selon des images diffus\u00e9es par la t\u00e9l\u00e9vision d\u2019Etat iranienne, le navire, toujours d\u00e9tenu par l\u2019Iran, bat pavillon panam\u00e9en.<\/p>\n<p>Auteur: AFP<br \/>\n<a href=\"https:\/\/www.journalducameroun.com\/lescalade-des-tensions-dans-le-golfe-2\/\">Cliquez ici pour lire l&rsquo;article depuis sa source.<\/a><\/p>\n","protected":false},"excerpt":{"rendered":"<p>R\u00e9gion cruciale pour les \u00e9changes mondiaux de p\u00e9trole, le Golfe conna\u00eet une escalade des tensions depuis le retrait unilat\u00e9ral des Etats-Unis en mai 2018 de l\u2019accord sur le nucl\u00e9aire iranien et le r\u00e9tablissement de lourdes sanctions am\u00e9ricaines contre T\u00e9h\u00e9ran. \u2013 D\u00e9sengagement de l\u2019accord nucl\u00e9aire \u2013 Le 8 mai 2018, le pr\u00e9sident am\u00e9ricain Donald Trump annonce [&hellip;]<\/p>\n","protected":false},"author":1965,"featured_media":0,"comment_status":"closed","ping_status":"closed","sticky":false,"template":"","format":"standard","meta":{"fifu_image_url":"","fifu_image_alt":"","footnotes":""},"categories":[73,82],"tags":[],"class_list":["post-47653","post","type-post","status-publish","format-standard","hentry","category-actualite","category-cameroun"],"_links":{"self":[{"href":"https:\/\/linitiative.ca\/International\/wp-json\/wp\/v2\/posts\/47653","targetHints":{"allow":["GET"]}}],"collection":[{"href":"https:\/\/linitiative.ca\/International\/wp-json\/wp\/v2\/posts"}],"about":[{"href":"https:\/\/linitiative.ca\/International\/wp-json\/wp\/v2\/types\/post"}],"author":[{"embeddable":true,"href":"https:\/\/linitiative.ca\/International\/wp-json\/wp\/v2\/users\/1965"}],"replies":[{"embeddable":true,"href":"https:\/\/linitiative.ca\/International\/wp-json\/wp\/v2\/comments?post=47653"}],"version-history":[{"count":0,"href":"https:\/\/linitiative.ca\/International\/wp-json\/wp\/v2\/posts\/47653\/revisions"}],"wp:attachment":[{"href":"https:\/\/linitiative.ca\/International\/wp-json\/wp\/v2\/media?parent=47653"}],"wp:term":[{"taxonomy":"category","embeddable":true,"href":"https:\/\/linitiative.ca\/International\/wp-json\/wp\/v2\/categories?post=47653"},{"taxonomy":"post_tag","embeddable":true,"href":"https:\/\/linitiative.ca\/International\/wp-json\/wp\/v2\/tags?post=47653"}],"curies":[{"name":"wp","href":"https:\/\/api.w.org\/{rel}","templated":true}]}}