{"id":47654,"date":"2019-07-21T09:50:03","date_gmt":"2019-07-21T13:50:03","guid":{"rendered":"https:\/\/linitiative.ca\/International\/trump-renouvelle-ses-violentes-attaques-contre-quatre-elues-issues-de-minorites\/"},"modified":"2019-07-21T09:50:03","modified_gmt":"2019-07-21T13:50:03","slug":"trump-renouvelle-ses-violentes-attaques-contre-quatre-elues-issues-de-minorites","status":"publish","type":"post","link":"https:\/\/linitiative.ca\/International\/trump-renouvelle-ses-violentes-attaques-contre-quatre-elues-issues-de-minorites\/","title":{"rendered":"Trump renouvelle ses violentes attaques contre quatre \u00e9lues issues de minorit\u00e9s"},"content":{"rendered":"<div readability=\"32\">\n<p>Publi\u00e9 le 21.07.2019 \u00e0 14h50 par AFP<\/p>\n<\/div>\n<div readability=\"88\">\n<p>Donald Trump a persist\u00e9 dimanche dans ses violentes attaques contre quatre \u00e9lues d\u00e9mocrates du Congr\u00e8s issues de minorit\u00e9s, qu\u2019il a qualifi\u00e9es de \u00ab\u00a0faibles et instables\u00a0\u00bb, leur demandant de pr\u00e9senter des \u00ab\u00a0excuses \u00e0 l\u2019Am\u00e9rique\u00a0\u00bb.<\/p>\n<p>\u00ab\u00a0Je ne crois pas que les quatre \u00e9lues du Congr\u00e8s soient capables d\u2019aimer notre pays\u00a0\u00bb, a d\u00e9clar\u00e9 le pr\u00e9sident am\u00e9ricain dans un tweet.<\/p>\n<p>\u00ab\u00a0Elles devraient pr\u00e9senter leurs excuses \u00e0 l\u2019Am\u00e9rique (et Isra\u00ebl) pour les horribles (et haineuses) choses qu\u2019elles ont dites\u00a0\u00bb, a-t-il ajout\u00e9. \u00ab\u00a0Elles d\u00e9truisent le parti d\u00e9mocrate, mais elles sont des personnes faibles et instables qui ne peuvent en aucun cas d\u00e9truire notre grande Nation!\u00a0\u00bb<\/p>\n<p>Depuis une semaine, Donald Trump est sous le feu des critiques pour ses attaques contre ces femmes, \u00e0 qui il a plusieurs fois conseill\u00e9 de \u00ab\u00a0retourner\u00a0\u00bb dans les pays d\u2019o\u00f9 \u00ab\u00a0elles viennent\u00a0\u00bb \u2014 alors m\u00eame que trois d\u2019entre elles sont n\u00e9es aux Etats-Unis.<\/p>\n<p>Ces \u00e9lues de la Chambre des repr\u00e9sentants \u2013 Alexandria Ocasio-Cortez (New York), Ilhan Omar (Minnesota), Ayanna Pressley (Massachusetts) et Rashida Tlaib (Michigan) \u2013 ont r\u00e9pliqu\u00e9 plus t\u00f4t dans la semaine en d\u00e9non\u00e7ant des attaques \u00ab\u00a0ouvertement racistes\u00a0\u00bb.<\/p>\n<p>Mardi, la chambre basse du Congr\u00e8s, \u00e0 majorit\u00e9 d\u00e9mocrate, a adopt\u00e9 une motion condamnant \u00ab\u00a0fermement les commentaires racistes\u00a0\u00bb du pr\u00e9sident, qui ont \u00e9galement attir\u00e9 les critiques de dirigeants \u00e9trangers comme la chanceli\u00e8re allemande Angela Merkel.<\/p>\n<p>Mais ces condamnations ne freinent pas le pr\u00e9sident am\u00e9ricain, qui semble bien d\u00e9cid\u00e9 \u00e0 creuser les fractures de l\u2019Am\u00e9rique et miser sur la mobilisation de sa base \u00e9lectorale pour \u00eatre r\u00e9\u00e9lu lors de la pr\u00e9sidentielle de 2020.<\/p>\n<p>Mercredi, un meeting du milliardaire septuag\u00e9naire en Caroline du Nord avait provoqu\u00e9 un toll\u00e9: ses partisans galvanis\u00e9s avaient scand\u00e9 \u00ab\u00a0Renvoyez-la! Renvoyez-la!\u00a0\u00bb \u00e0 l\u2019encontre sp\u00e9cifiquement d\u2019Ilhan Omar, fille de r\u00e9fugi\u00e9s somaliens devenue Am\u00e9ricaine.<\/p>\n<p>Donald Trump avait ensuite pris un peu de distance, assurant que ces chants ne lui \u00ab\u00a0avaient pas plu\u00a0\u00bb.<\/p>\n<p>Apr\u00e8s avoir marqu\u00e9 les \u00e9lections de mi-mandat en novembre en devenant l\u2019une des deux premi\u00e8res femmes de confession musulmane \u00e9lues au Congr\u00e8s am\u00e9ricain \u2013avec Rashida Tlaib\u2013, Ilhan Omar a par la suite cr\u00e9\u00e9 la controverse avec des commentaires sur Isra\u00ebl jug\u00e9s antis\u00e9mites par de nombreux \u00e9lus.<\/p>\n<\/div>\n<p>Auteur: AFP<br \/>\n<a href=\"https:\/\/www.journalducameroun.com\/trump-renouvelle-ses-violentes-attaques-contre-quatre-elues-issues-de-minorites\/\">Cliquez ici pour lire l&rsquo;article depuis sa source.<\/a><\/p>\n","protected":false},"excerpt":{"rendered":"<p>Publi\u00e9 le 21.07.2019 \u00e0 14h50 par AFP Donald Trump a persist\u00e9 dimanche dans ses violentes attaques contre quatre \u00e9lues d\u00e9mocrates du Congr\u00e8s issues de minorit\u00e9s, qu\u2019il a qualifi\u00e9es de \u00ab\u00a0faibles et instables\u00a0\u00bb, leur demandant de pr\u00e9senter des \u00ab\u00a0excuses \u00e0 l\u2019Am\u00e9rique\u00a0\u00bb. \u00ab\u00a0Je ne crois pas que les quatre \u00e9lues du Congr\u00e8s soient capables d\u2019aimer notre pays\u00a0\u00bb, [&hellip;]<\/p>\n","protected":false},"author":1965,"featured_media":0,"comment_status":"closed","ping_status":"closed","sticky":false,"template":"","format":"standard","meta":{"fifu_image_url":"","fifu_image_alt":"","footnotes":""},"categories":[73,82],"tags":[],"class_list":["post-47654","post","type-post","status-publish","format-standard","hentry","category-actualite","category-cameroun"],"_links":{"self":[{"href":"https:\/\/linitiative.ca\/International\/wp-json\/wp\/v2\/posts\/47654","targetHints":{"allow":["GET"]}}],"collection":[{"href":"https:\/\/linitiative.ca\/International\/wp-json\/wp\/v2\/posts"}],"about":[{"href":"https:\/\/linitiative.ca\/International\/wp-json\/wp\/v2\/types\/post"}],"author":[{"embeddable":true,"href":"https:\/\/linitiative.ca\/International\/wp-json\/wp\/v2\/users\/1965"}],"replies":[{"embeddable":true,"href":"https:\/\/linitiative.ca\/International\/wp-json\/wp\/v2\/comments?post=47654"}],"version-history":[{"count":0,"href":"https:\/\/linitiative.ca\/International\/wp-json\/wp\/v2\/posts\/47654\/revisions"}],"wp:attachment":[{"href":"https:\/\/linitiative.ca\/International\/wp-json\/wp\/v2\/media?parent=47654"}],"wp:term":[{"taxonomy":"category","embeddable":true,"href":"https:\/\/linitiative.ca\/International\/wp-json\/wp\/v2\/categories?post=47654"},{"taxonomy":"post_tag","embeddable":true,"href":"https:\/\/linitiative.ca\/International\/wp-json\/wp\/v2\/tags?post=47654"}],"curies":[{"name":"wp","href":"https:\/\/api.w.org\/{rel}","templated":true}]}}