{"id":47655,"date":"2019-07-21T09:50:04","date_gmt":"2019-07-21T13:50:04","guid":{"rendered":"https:\/\/linitiative.ca\/International\/foot-herve-renard-selectionneur-francais-du-maroc-annonce-sa-demission\/"},"modified":"2019-07-21T09:50:04","modified_gmt":"2019-07-21T13:50:04","slug":"foot-herve-renard-selectionneur-francais-du-maroc-annonce-sa-demission","status":"publish","type":"post","link":"https:\/\/linitiative.ca\/International\/foot-herve-renard-selectionneur-francais-du-maroc-annonce-sa-demission\/","title":{"rendered":"Foot: Herv\u00e9 Renard, s\u00e9lectionneur fran\u00e7ais du Maroc, annonce sa d\u00e9mission"},"content":{"rendered":"<div readability=\"32\">\n<p>Publi\u00e9 le 21.07.2019 \u00e0 14h50 par AFP<\/p>\n<\/div>\n<div readability=\"64\">\n<p>Le s\u00e9lectionneur fran\u00e7ais du Maroc, Herv\u00e9 Renard, a annonc\u00e9 sa d\u00e9mission dimanche dans un communiqu\u00e9 post\u00e9 sur son compte Twitter, deux semaines apr\u00e8s l\u2019\u00e9limination surprise de son \u00e9quipe lors de la CAN en Egypte.<\/p>\n<p>\u00ab\u00a0Il est temps pour moi de clore ce long et beau chapitre de ma vie, non sans une certaine \u00e9motion et tristesse, mais c\u2019est une d\u00e9cision in\u00e9luctable prise bien avant la CAN-2019\u00a0\u00bb, a ajout\u00e9 le s\u00e9lectionneur arriv\u00e9 en 2016 et rest\u00e9 41 mois \u00e0 la t\u00eate de l\u2019\u00e9quipe nationale marocaine.<\/p>\n<p>A la surprise g\u00e9n\u00e9rale, le Maroc, finaliste de la CAN en 2004 et quart de finaliste lors de la derni\u00e8re \u00e9dition, avait \u00e9t\u00e9 \u00e9limin\u00e9 le 5 juillet d\u00e8s les huiti\u00e8mes par le B\u00e9nin (1-1, 4 tab 1), pourtant r\u00e9duit \u00e0 dix et novice \u00e0 ce stade de la comp\u00e9tition.<\/p>\n<p>\u00ab\u00a0Oui, on esp\u00e9rait tous mieux pour cette \u00e9dition 2019 de la CAN en Egypte, mais le football est ainsi, il fait na\u00eetre les espoirs les plus fous et nous ram\u00e8ne durement \u00e0 la r\u00e9alit\u00e9 d\u2019une \u00e9limination trop rapide aux tirs aux buts\u00a0\u00bb, a poursuivi Herv\u00e9 Renard.<\/p>\n<p>Il a pr\u00e9cis\u00e9 que le pr\u00e9sident de la F\u00e9d\u00e9ration royale marocaine de football Fouzi Lekjaa avait \u00e9t\u00e9 inform\u00e9 et \u00ab\u00a0s\u2019est engag\u00e9 contractuellement\u00a0\u00bb \u00e0 respecter cette d\u00e9cision.<\/p>\n<\/div>\n<p>Auteur: AFP<br \/>\n<a href=\"https:\/\/www.journalducameroun.com\/foot-herve-renard-selectionneur-francais-du-maroc-annonce-sa-demission\/\">Cliquez ici pour lire l&rsquo;article depuis sa source.<\/a><\/p>\n","protected":false},"excerpt":{"rendered":"<p>Publi\u00e9 le 21.07.2019 \u00e0 14h50 par AFP Le s\u00e9lectionneur fran\u00e7ais du Maroc, Herv\u00e9 Renard, a annonc\u00e9 sa d\u00e9mission dimanche dans un communiqu\u00e9 post\u00e9 sur son compte Twitter, deux semaines apr\u00e8s l\u2019\u00e9limination surprise de son \u00e9quipe lors de la CAN en Egypte. \u00ab\u00a0Il est temps pour moi de clore ce long et beau chapitre de ma [&hellip;]<\/p>\n","protected":false},"author":1965,"featured_media":0,"comment_status":"closed","ping_status":"closed","sticky":false,"template":"","format":"standard","meta":{"fifu_image_url":"","fifu_image_alt":"","footnotes":""},"categories":[73,82],"tags":[],"class_list":["post-47655","post","type-post","status-publish","format-standard","hentry","category-actualite","category-cameroun"],"_links":{"self":[{"href":"https:\/\/linitiative.ca\/International\/wp-json\/wp\/v2\/posts\/47655","targetHints":{"allow":["GET"]}}],"collection":[{"href":"https:\/\/linitiative.ca\/International\/wp-json\/wp\/v2\/posts"}],"about":[{"href":"https:\/\/linitiative.ca\/International\/wp-json\/wp\/v2\/types\/post"}],"author":[{"embeddable":true,"href":"https:\/\/linitiative.ca\/International\/wp-json\/wp\/v2\/users\/1965"}],"replies":[{"embeddable":true,"href":"https:\/\/linitiative.ca\/International\/wp-json\/wp\/v2\/comments?post=47655"}],"version-history":[{"count":0,"href":"https:\/\/linitiative.ca\/International\/wp-json\/wp\/v2\/posts\/47655\/revisions"}],"wp:attachment":[{"href":"https:\/\/linitiative.ca\/International\/wp-json\/wp\/v2\/media?parent=47655"}],"wp:term":[{"taxonomy":"category","embeddable":true,"href":"https:\/\/linitiative.ca\/International\/wp-json\/wp\/v2\/categories?post=47655"},{"taxonomy":"post_tag","embeddable":true,"href":"https:\/\/linitiative.ca\/International\/wp-json\/wp\/v2\/tags?post=47655"}],"curies":[{"name":"wp","href":"https:\/\/api.w.org\/{rel}","templated":true}]}}