{"id":47656,"date":"2019-07-21T11:50:02","date_gmt":"2019-07-21T15:50:02","guid":{"rendered":"https:\/\/linitiative.ca\/International\/trump-repart-a-lattaque-contre-quatre-elues-issues-de-minorites\/"},"modified":"2019-07-21T11:50:02","modified_gmt":"2019-07-21T15:50:02","slug":"trump-repart-a-lattaque-contre-quatre-elues-issues-de-minorites","status":"publish","type":"post","link":"https:\/\/linitiative.ca\/International\/trump-repart-a-lattaque-contre-quatre-elues-issues-de-minorites\/","title":{"rendered":"Trump repart \u00e0 l\u2019attaque contre quatre \u00e9lues issues de minorit\u00e9s"},"content":{"rendered":"<div readability=\"32\">\n<p>Publi\u00e9 le 21.07.2019 \u00e0 16h50 par AFP<\/p>\n<\/div>\n<div readability=\"139\">\n<p>Donald Trump a persist\u00e9 dimanche dans ses violentes attaques contre quatre \u00e9lues d\u00e9mocrates du Congr\u00e8s issues de minorit\u00e9s, alimentant une bataille verbale qu\u2019il entretient depuis une semaine malgr\u00e9 les vives critiques qu\u2019elle suscite, y compris dans le camp r\u00e9publicain.<\/p>\n<p>\u00ab\u00a0Je ne crois pas que les quatre \u00e9lues du Congr\u00e8s soient capables d\u2019aimer notre pays\u00a0\u00bb, a d\u00e9clar\u00e9 le pr\u00e9sident am\u00e9ricain dans un tweet matinal.<\/p>\n<p>\u00ab\u00a0Elles devraient pr\u00e9senter leurs excuses \u00e0 l\u2019Am\u00e9rique (et Isra\u00ebl) pour les horribles (et haineuses) choses qu\u2019elles ont dites\u00a0\u00bb, a-t-il ajout\u00e9. \u00ab\u00a0Elles d\u00e9truisent le parti d\u00e9mocrate, mais elles sont des personnes faibles et instables qui ne peuvent en aucun cas d\u00e9truire notre grande Nation!\u00a0\u00bb<\/p>\n<p>Depuis une semaine, Donald Trump est sous le feu des critiques pour avoir appel\u00e9, \u00e0 plusieurs reprises, ces femmes \u00e0 \u00ab\u00a0retourner\u00a0\u00bb dans les pays d\u2019o\u00f9 \u00ab\u00a0elles viennent\u00a0\u00bb \u2014 alors m\u00eame que trois d\u2019entre elles sont n\u00e9es aux Etats-Unis.<\/p>\n<p>Ces \u00e9lues de la Chambre des repr\u00e9sentants \u2013 Alexandria Ocasio-Cortez (New York), Ilhan Omar (Minnesota), Ayanna Pressley (Massachusetts) et Rashida Tlaib (Michigan) \u2013 ont d\u00e9nonc\u00e9 des attaques \u00ab\u00a0ouvertement racistes\u00a0\u00bb.<\/p>\n<p>Mardi, la chambre basse du Congr\u00e8s, \u00e0 majorit\u00e9 d\u00e9mocrate, a adopt\u00e9 une motion condamnant \u00ab\u00a0fermement les commentaires racistes\u00a0\u00bb du pr\u00e9sident, qui ont \u00e9galement attir\u00e9 les r\u00e9probations de dirigeants \u00e9trangers comme la chanceli\u00e8re allemande Angela Merkel ou la Premi\u00e8re ministre britannique Theresa May.<\/p>\n<p>Mais ces condamnations ne freinent pas le pr\u00e9sident am\u00e9ricain, qui semble bien d\u00e9cid\u00e9 \u00e0 creuser les fractures de l\u2019Am\u00e9rique et \u00e0 miser sur la mobilisation de sa base \u00e9lectorale \u2014 majoritairement blanche \u2014 pour \u00eatre r\u00e9\u00e9lu lors de la pr\u00e9sidentielle de 2020.<\/p>\n<p>Mercredi, un meeting du milliardaire septuag\u00e9naire en Caroline du Nord avait provoqu\u00e9 un toll\u00e9: ses partisans galvanis\u00e9s avaient scand\u00e9 \u00ab\u00a0Renvoyez-la! Renvoyez-la!\u00a0\u00bb \u00e0 l\u2019encontre sp\u00e9cifiquement d\u2019Ilhan Omar, fille de r\u00e9fugi\u00e9s somaliens devenue Am\u00e9ricaine.<\/p>\n<p>Donald Trump avait ensuite pris un peu de distance, sans vraiment convaincre. Il a r\u00e9p\u00e9t\u00e9 samedi dans un tweet qu\u2019il n\u2019avait \u00ab\u00a0rien fait\u00a0\u00bb pour provoquer la s\u00e9quence. \u00ab\u00a0Je n\u2019\u00e9tais pas particuli\u00e8rement content de ces chants\u00a0\u00bb, a-t-il \u00e9crit, tout en semblant excuser ses partisans: \u00ab\u00a0juste une foule tr\u00e8s grande et patriotique. Ils aiment les Etats-Unis!\u00a0\u00bb<\/p>\n<p>Apr\u00e8s avoir marqu\u00e9 les \u00e9lections de mi-mandat en novembre en devenant l\u2019une des deux premi\u00e8res femmes de confession musulmane \u00e9lues au Congr\u00e8s am\u00e9ricain \u2013avec Rashida Tlaib\u2013, Ilhan Omar a cr\u00e9\u00e9 la controverse avec des commentaires sur Isra\u00ebl jug\u00e9s antis\u00e9mites par de nombreux \u00e9lus.<\/p>\n<p>\u2013 Strat\u00e9gie politique \u2013<\/p>\n<p>La strat\u00e9gie de Donald Trump est claire: pousser les d\u00e9mocrates \u00e0 se rassembler autour des quatre \u00e9lues tr\u00e8s \u00e0 gauche, surnomm\u00e9es \u00ab\u00a0la Brigade\u00a0\u00bb, de mani\u00e8re \u00e0 les pr\u00e9senter comme repr\u00e9sentatives du parti dans son ensemble m\u00eame si sa majorit\u00e9 est plus mod\u00e9r\u00e9e.<\/p>\n<p>Mais les propos du pr\u00e9sident am\u00e9ricain d\u00e9rangent jusque dans son propre camp, certains \u00e9lus r\u00e9publicains lui ayant demand\u00e9 d\u00e8s le d\u00e9but de la semaine de les retirer.<\/p>\n<p>Interrog\u00e9 dimanche matin sur CNN \u00e0 propos du dernier tweet pr\u00e9sidentiel, le s\u00e9nateur r\u00e9publicain Ron Johnson apparaissait plut\u00f4t mal \u00e0 l\u2019aise: \u00ab\u00a0c\u2019est son opinion, je ne suis pas d\u2019accord avec cela\u00a0\u00bb, a-t-il dit, ajoutant ne pas avoir \u00ab\u00a0aim\u00e9\u00a0\u00bb les chants.<\/p>\n<p>\u00ab\u00a0Je trouve malheureux qu\u2019une grande partie du d\u00e9bat public reste coinc\u00e9 dans un cadre racial\u00a0\u00bb, a-t-il d\u00e9plor\u00e9, invitant \u00e0 se concentrer sur les sujets de fond.<\/p>\n<p>Le pr\u00e9sident peut toutefois compter sur le soutien des t\u00e9nors r\u00e9publicains du Congr\u00e8s et sur la prudence g\u00e9n\u00e9rale des membres du \u00ab\u00a0Grand Old Party\u00a0\u00bb, peu enclins \u00e0 se d\u00e9solidariser totalement de celui qui sera, sauf \u00e9norme surprise, leur candidat en 2020. Ils n\u2019\u00e9taient que quatre \u00e0 voter en faveur de la motion condamnant ses propos \u00e0 la Chambre des repr\u00e9sentants.<\/p>\n<p>Stephen Miller, l\u2019un des conseillers pr\u00e9sidentiels les plus radicaux, notamment partisan d\u2019une politique anti-immigration d\u00e9complex\u00e9e, a d\u00e9fendu Donald Trump lors d\u2019une interview sur Fox News dimanche matin.<\/p>\n<p>\u00ab\u00a0Je ne suis fondamentalement pas d\u2019accord avec l\u2019id\u00e9e selon laquelle si vous critiquez quelqu\u2019un et qu\u2019il s\u2019agit d\u2019une personne d\u2019une couleur de peau diff\u00e9rente, cela en fait une critique raciste\u00a0\u00bb, a-t-il d\u00e9clar\u00e9.<\/p>\n<\/div>\n<p>Auteur: AFP<br \/>\n<a href=\"https:\/\/www.journalducameroun.com\/trump-repart-a-lattaque-contre-quatre-elues-issues-de-minorites\/\">Cliquez ici pour lire l&rsquo;article depuis sa source.<\/a><\/p>\n","protected":false},"excerpt":{"rendered":"<p>Publi\u00e9 le 21.07.2019 \u00e0 16h50 par AFP Donald Trump a persist\u00e9 dimanche dans ses violentes attaques contre quatre \u00e9lues d\u00e9mocrates du Congr\u00e8s issues de minorit\u00e9s, alimentant une bataille verbale qu\u2019il entretient depuis une semaine malgr\u00e9 les vives critiques qu\u2019elle suscite, y compris dans le camp r\u00e9publicain. \u00ab\u00a0Je ne crois pas que les quatre \u00e9lues du [&hellip;]<\/p>\n","protected":false},"author":1965,"featured_media":0,"comment_status":"closed","ping_status":"closed","sticky":false,"template":"","format":"standard","meta":{"fifu_image_url":"","fifu_image_alt":"","footnotes":""},"categories":[73,82],"tags":[],"class_list":["post-47656","post","type-post","status-publish","format-standard","hentry","category-actualite","category-cameroun"],"_links":{"self":[{"href":"https:\/\/linitiative.ca\/International\/wp-json\/wp\/v2\/posts\/47656","targetHints":{"allow":["GET"]}}],"collection":[{"href":"https:\/\/linitiative.ca\/International\/wp-json\/wp\/v2\/posts"}],"about":[{"href":"https:\/\/linitiative.ca\/International\/wp-json\/wp\/v2\/types\/post"}],"author":[{"embeddable":true,"href":"https:\/\/linitiative.ca\/International\/wp-json\/wp\/v2\/users\/1965"}],"replies":[{"embeddable":true,"href":"https:\/\/linitiative.ca\/International\/wp-json\/wp\/v2\/comments?post=47656"}],"version-history":[{"count":0,"href":"https:\/\/linitiative.ca\/International\/wp-json\/wp\/v2\/posts\/47656\/revisions"}],"wp:attachment":[{"href":"https:\/\/linitiative.ca\/International\/wp-json\/wp\/v2\/media?parent=47656"}],"wp:term":[{"taxonomy":"category","embeddable":true,"href":"https:\/\/linitiative.ca\/International\/wp-json\/wp\/v2\/categories?post=47656"},{"taxonomy":"post_tag","embeddable":true,"href":"https:\/\/linitiative.ca\/International\/wp-json\/wp\/v2\/tags?post=47656"}],"curies":[{"name":"wp","href":"https:\/\/api.w.org\/{rel}","templated":true}]}}