{"id":47657,"date":"2019-07-21T12:50:02","date_gmt":"2019-07-21T16:50:02","guid":{"rendered":"https:\/\/linitiative.ca\/International\/syrie-un-journaliste-citoyen-parmi-onze-civils-tues-a-idleb\/"},"modified":"2019-07-21T12:50:02","modified_gmt":"2019-07-21T16:50:02","slug":"syrie-un-journaliste-citoyen-parmi-onze-civils-tues-a-idleb","status":"publish","type":"post","link":"https:\/\/linitiative.ca\/International\/syrie-un-journaliste-citoyen-parmi-onze-civils-tues-a-idleb\/","title":{"rendered":"Syrie: un journaliste citoyen parmi onze civils tu\u00e9s \u00e0 Idleb"},"content":{"rendered":"<div readability=\"32\">\n<p>Publi\u00e9 le 21.07.2019 \u00e0 17h50 par AFP<\/p>\n<\/div>\n<div readability=\"112\">\n<p>Un journaliste citoyen a \u00e9t\u00e9 tu\u00e9 dimanche ainsi que dix autres civils dans des frappes a\u00e9riennes sur la r\u00e9gion d\u2019Idleb, dans le nord-ouest de la Syrie, ont indiqu\u00e9 l\u2019Observatoire syrien des droits de l\u2019Homme (OSDH) et l\u2019organisation des Casques blancs.<\/p>\n<p>Anas al-Dyab, photographe et vid\u00e9aste de 22 ans ayant collabor\u00e9 avec l\u2019AFP, a p\u00e9ri dans des raids russes sur la ville de Khan Cheikhoun, dans la province d\u2019Idleb, selon l\u2019OSDH et les Casques blancs, des secouristes op\u00e9rant en zones rebelles.<\/p>\n<p>\u00ab\u00a0La D\u00e9fense civile syrienne pleure la chute du h\u00e9ros Anas al-Dyab\u00a0\u00bb, ont annonc\u00e9 sur Twitter les Casques blancs, dont il \u00e9tait un des b\u00e9n\u00e9voles.<\/p>\n<p>Il est d\u00e9c\u00e9d\u00e9 des suites de \u00ab\u00a0trois frappes a\u00e9riennes russes alors qu\u2019il documentait le bombardement a\u00e9rien de sa ville de Khan Cheikhoun ce matin\u00a0\u00bb, a pr\u00e9cis\u00e9 l\u2019organisation.<\/p>\n<p>\u00ab\u00a0C\u2019est une grande perte pour nous\u00a0\u00bb, a d\u00e9plor\u00e9 le directeur de l\u2019organisation, Ra\u00ebd Saleh.<\/p>\n<p>Selon un journaliste de l\u2019AFP, plusieurs secouristes ont afflu\u00e9 dimanche pour un dernier adieu \u00e0 leur camarade, dont la d\u00e9pouille a \u00e9t\u00e9 d\u00e9pos\u00e9e sur une \u00e9paisse couverture rouge.<\/p>\n<p>N\u00e9 en 1997, Anas al-Dyab fait partie d\u2019une fratrie de quatre enfants.<\/p>\n<p>\u00ab\u00a0L\u2019un de ses trois fr\u00e8res est d\u00e9tenu par le r\u00e9gime syrien\u00a0\u00bb depuis plusieurs ann\u00e9es, selon M. Saleh.<\/p>\n<p>Cible de frappes intenses depuis fin avril, la ville de Khan Cheikhoun \u00e9tait devenue fant\u00f4me, plusieurs milliers de ses habitants ayant fui les bombardements.<\/p>\n<p>Mais Anas \u00ab\u00a0a choisi de rester avec ses coll\u00e8gues\u00a0\u00bb, selon les Casques blancs.<\/p>\n<p>Il a \u00e9t\u00e9 tu\u00e9 alors qu\u2019il \u00ab\u00a0essayait de montrer au monde ce qui se passe en Syrie\u00a0\u00bb, a d\u00e9plor\u00e9 M. Saleh.<\/p>\n<p>Selon l\u2019OSDH, le journaliste citoyen s\u2019\u00e9tait r\u00e9fugi\u00e9 dans le sous-sol d\u2019un immeuble de trois \u00e9tages, en compagnie de deux membres du groupe rebelle de Jaich al-Ezza.<\/p>\n<p>D\u2019apr\u00e8s la m\u00eame source, dix autres civils, dont trois enfants ont \u00e9t\u00e9 tu\u00e9s dimanche ailleurs dans la r\u00e9gion d\u2019Idleb.<\/p>\n<p>Depuis fin avril, le r\u00e9gime de Bachar al-Assad et son alli\u00e9 russe ont intensifi\u00e9 leurs bombardements sur cette province, domin\u00e9e par les jihadistes et qui \u00e9chappe toujours au contr\u00f4le de Damas. Plus de 600 civils ont p\u00e9ri dans ces raids, selon l\u2019OSDH, tandis que plus de 330.000 personnes ont \u00e9t\u00e9 d\u00e9plac\u00e9es, d\u2019apr\u00e8s l\u2019ONU.<\/p>\n<p>Les Casques blancs, soutenus par l\u2019Occident, ont \u00e9t\u00e9 nomin\u00e9s pour le prix Nobel de la paix en 2016. Mais Moscou et Damas accusent le groupe de complicit\u00e9 avec les rebelles et les jihadistes.<\/p>\n<p>D\u00e9clench\u00e9e en 2011 par la r\u00e9pression de manifestations prod\u00e9mocratie, la guerre en Syrie a fait plus de 370.000 morts.<\/p>\n<\/div>\n<p>Auteur: AFP<br \/>\n<a href=\"https:\/\/www.journalducameroun.com\/syrie-un-journaliste-citoyen-parmi-onze-civils-tues-a-idleb\/\">Cliquez ici pour lire l&rsquo;article depuis sa source.<\/a><\/p>\n","protected":false},"excerpt":{"rendered":"<p>Publi\u00e9 le 21.07.2019 \u00e0 17h50 par AFP Un journaliste citoyen a \u00e9t\u00e9 tu\u00e9 dimanche ainsi que dix autres civils dans des frappes a\u00e9riennes sur la r\u00e9gion d\u2019Idleb, dans le nord-ouest de la Syrie, ont indiqu\u00e9 l\u2019Observatoire syrien des droits de l\u2019Homme (OSDH) et l\u2019organisation des Casques blancs. Anas al-Dyab, photographe et vid\u00e9aste de 22 ans [&hellip;]<\/p>\n","protected":false},"author":1965,"featured_media":0,"comment_status":"closed","ping_status":"closed","sticky":false,"template":"","format":"standard","meta":{"fifu_image_url":"","fifu_image_alt":"","footnotes":""},"categories":[73,82],"tags":[],"class_list":["post-47657","post","type-post","status-publish","format-standard","hentry","category-actualite","category-cameroun"],"_links":{"self":[{"href":"https:\/\/linitiative.ca\/International\/wp-json\/wp\/v2\/posts\/47657","targetHints":{"allow":["GET"]}}],"collection":[{"href":"https:\/\/linitiative.ca\/International\/wp-json\/wp\/v2\/posts"}],"about":[{"href":"https:\/\/linitiative.ca\/International\/wp-json\/wp\/v2\/types\/post"}],"author":[{"embeddable":true,"href":"https:\/\/linitiative.ca\/International\/wp-json\/wp\/v2\/users\/1965"}],"replies":[{"embeddable":true,"href":"https:\/\/linitiative.ca\/International\/wp-json\/wp\/v2\/comments?post=47657"}],"version-history":[{"count":0,"href":"https:\/\/linitiative.ca\/International\/wp-json\/wp\/v2\/posts\/47657\/revisions"}],"wp:attachment":[{"href":"https:\/\/linitiative.ca\/International\/wp-json\/wp\/v2\/media?parent=47657"}],"wp:term":[{"taxonomy":"category","embeddable":true,"href":"https:\/\/linitiative.ca\/International\/wp-json\/wp\/v2\/categories?post=47657"},{"taxonomy":"post_tag","embeddable":true,"href":"https:\/\/linitiative.ca\/International\/wp-json\/wp\/v2\/tags?post=47657"}],"curies":[{"name":"wp","href":"https:\/\/api.w.org\/{rel}","templated":true}]}}