{"id":47658,"date":"2019-07-21T14:50:01","date_gmt":"2019-07-21T18:50:01","guid":{"rendered":"https:\/\/linitiative.ca\/International\/afrique-du-sud-ramaphosa-denonce-un-rapport-biaise-et-veut-agir-en-justice\/"},"modified":"2019-07-21T14:50:01","modified_gmt":"2019-07-21T18:50:01","slug":"afrique-du-sud-ramaphosa-denonce-un-rapport-biaise-et-veut-agir-en-justice","status":"publish","type":"post","link":"https:\/\/linitiative.ca\/International\/afrique-du-sud-ramaphosa-denonce-un-rapport-biaise-et-veut-agir-en-justice\/","title":{"rendered":"Afrique du Sud: Ramaphosa d\u00e9nonce un rapport \u00ab\u00a0biais\u00e9\u00a0\u00bb et veut agir en justice"},"content":{"rendered":"<div readability=\"32\">\n<p>Publi\u00e9 le 21.07.2019 \u00e0 19h50 par AFP<\/p>\n<\/div>\n<div readability=\"117\">\n<p>Le pr\u00e9sident Cyril Ramaphosa a d\u00e9nonc\u00e9 dimanche comme \u00ab\u00a0irr\u00e9vocablement biais\u00e9\u00a0\u00bb le rapport de la m\u00e9diatrice de la R\u00e9publique sud-africaine, qui a affirm\u00e9 qu\u2019il avait d\u00e9lib\u00e9r\u00e9ment tromp\u00e9 le Parlement.<\/p>\n<p>\u00ab\u00a0Apr\u00e8s avoir soigneusement \u00e9tudi\u00e9 le rapport, j\u2019en conclus qu\u2019il est irr\u00e9vocablement biais\u00e9\u00a0\u00bb, a-t-il d\u00e9clar\u00e9 \u00e0 des journalistes, ajoutant qu\u2019il \u00e9tait \u00ab\u00a0d\u00e9cid\u00e9 \u00e0 obtenir en urgence un examen judiciaire\u00a0\u00bb de ses conclusions.<\/p>\n<p>Tout en reconnaissant que les accusations port\u00e9es contre lui \u00e9taient \u00ab\u00a0graves\u00a0\u00bb, le pr\u00e9sident sud-africain a estim\u00e9 que les conclusions du rapport \u00ab\u00a0n\u2019\u00e9taient pas conformes \u00e0 la loi\u00a0\u00bb et que certaines \u00ab\u00a0exc\u00e9daient l\u2019\u00e9tendue des pouvoirs\u00a0\u00bb de la m\u00e9diatrice.<\/p>\n<p>\u00ab\u00a0Il convient donc qu\u2019un tribunal se d\u00e9termine de mani\u00e8re d\u00e9finitive et impartiale sur ce sujet\u00a0\u00bb, a soulign\u00e9 M. Ramaphosa.<\/p>\n<p>Busisiwe Mkhwebane, une juriste ind\u00e9pendante charg\u00e9e de contr\u00f4ler notamment les agissements de l\u2019ex\u00e9cutif, estime que l\u2019enqu\u00eate qu\u2019elle a men\u00e9e prouve que le pr\u00e9sident, qui a promis \u00e0 maintes reprises d\u2019\u00e9radiquer la corruption dans son pays, a tromp\u00e9 le Parlement de fa\u00e7on \u00ab\u00a0d\u00e9lib\u00e9r\u00e9e\u00a0\u00bb, quand il a r\u00e9pondu \u00e0 une question de l\u2019opposition sur une donation \u00e0 sa campagne de 500.000 rands (environ 32.000 euros) faite par un groupe industriel.<\/p>\n<p>M. Ramaphosa avait alors affirm\u00e9 que l\u2019argent vers\u00e9 en 2017 \u00e9tait un paiement \u00e0 son fils Andile pour un travail de consultant pour l\u2019entreprise de services Bosasa, impliqu\u00e9e dans de nombreux contrats publics suspects.<\/p>\n<p>Il a depuis reconnu qu\u2019il s\u2019agissait d\u2019une donation \u00e0 sa campagne pour la pr\u00e9sidence de son parti, le Congr\u00e8s national africain (ANC), une bataille intense qui lui a permis de vaincre le candidat choisi par l\u2019ancien pr\u00e9sident Jacob Zuma.<\/p>\n<p>M. Ramaphosa avait plaid\u00e9 la bonne foi, assurant qu\u2019il ne disposait pas des bonnes informations lorsqu\u2019il avait r\u00e9pondu \u00e0 la question au parlement. Il a promis de rembourser les fonds de campagne.<\/p>\n<p>\u2013 \u00ab\u00a0Pas \u00e0 la hauteur\u00a0\u00bb \u2013<\/p>\n<p>Mais dans son rapport, publi\u00e9 vendredi, Mme Mkhwebane souligne que \u00ab\u00a0m\u00eame si le pr\u00e9sident Ramaphosa a justifi\u00e9 son erreur en affirmant avoir re\u00e7u des informations incompl\u00e8tes ou erron\u00e9es, il a bien tromp\u00e9 le Parlement\u00a0\u00bb.<\/p>\n<p>Selon elle, le pr\u00e9sident \u00ab\u00a0aurait d\u00fb se donner le temps n\u00e9cessaire pour pouvoir s\u2019informer et donner une r\u00e9ponse exacte\u00a0\u00bb avant de r\u00e9pondre \u00e0 la question pos\u00e9e par Mmusi Maimane, chef du principal parti d\u2019opposition, l\u2019Alliance d\u00e9mocratique (DA).<\/p>\n<p>\u00ab\u00a0Je juge donc que la conduite du pr\u00e9sident Ramaphosa (\u2026) m\u00eame si elle \u00e9tait de bonne foi, n\u2019est pas \u00e0 la hauteur de ses fonctions\u00a0\u00bb.<\/p>\n<p>Mme Mkhwebane ajoute que la fa\u00e7on dont les fonds ont \u00e9t\u00e9 d\u00e9plac\u00e9s d\u2019un compte \u00e0 l\u2019autre avant de finir sur celui de la campagne de M. Ramaphosa exacerbe les soup\u00e7ons de blanchiment d\u2019argent.<\/p>\n<p>Au pouvoir depuis f\u00e9vrier 2018 et r\u00e9\u00e9lu en mai, M. Ramaphosa a fait de la lutte contre la corruption son principal cheval de bataille dans un pays marqu\u00e9 par les scandales de la pr\u00e9sidence de son pr\u00e9d\u00e9cesseur, Jacob Zuma.<\/p>\n<p>La m\u00e9diatrice a \u00e9t\u00e9 critiqu\u00e9e pour son implication pr\u00e9sum\u00e9e dans la guerre interne \u00e0 l\u2019ANC, le parti de Nelson Mandela, profond\u00e9ment divis\u00e9 entre partisans de l\u2019ex-pr\u00e9sident Zuma et soutiens de son successeur Ramaphosa.<\/p>\n<p>De son c\u00f4t\u00e9, l\u2019Alliance d\u00e9mocratique a demand\u00e9 que le pr\u00e9sident Ramaphosa comparaisse devant une commission parlementaire sp\u00e9ciale.<\/p>\n<\/div>\n<p>Auteur: AFP<br \/>\n<a href=\"https:\/\/www.journalducameroun.com\/afrique-du-sud-ramaphosa-denonce-un-rapport-biaise-et-veut-agir-en-justice\/\">Cliquez ici pour lire l&rsquo;article depuis sa source.<\/a><\/p>\n","protected":false},"excerpt":{"rendered":"<p>Publi\u00e9 le 21.07.2019 \u00e0 19h50 par AFP Le pr\u00e9sident Cyril Ramaphosa a d\u00e9nonc\u00e9 dimanche comme \u00ab\u00a0irr\u00e9vocablement biais\u00e9\u00a0\u00bb le rapport de la m\u00e9diatrice de la R\u00e9publique sud-africaine, qui a affirm\u00e9 qu\u2019il avait d\u00e9lib\u00e9r\u00e9ment tromp\u00e9 le Parlement. \u00ab\u00a0Apr\u00e8s avoir soigneusement \u00e9tudi\u00e9 le rapport, j\u2019en conclus qu\u2019il est irr\u00e9vocablement biais\u00e9\u00a0\u00bb, a-t-il d\u00e9clar\u00e9 \u00e0 des journalistes, ajoutant qu\u2019il \u00e9tait [&hellip;]<\/p>\n","protected":false},"author":1965,"featured_media":0,"comment_status":"closed","ping_status":"closed","sticky":false,"template":"","format":"standard","meta":{"fifu_image_url":"","fifu_image_alt":"","footnotes":""},"categories":[73,82],"tags":[],"class_list":["post-47658","post","type-post","status-publish","format-standard","hentry","category-actualite","category-cameroun"],"_links":{"self":[{"href":"https:\/\/linitiative.ca\/International\/wp-json\/wp\/v2\/posts\/47658","targetHints":{"allow":["GET"]}}],"collection":[{"href":"https:\/\/linitiative.ca\/International\/wp-json\/wp\/v2\/posts"}],"about":[{"href":"https:\/\/linitiative.ca\/International\/wp-json\/wp\/v2\/types\/post"}],"author":[{"embeddable":true,"href":"https:\/\/linitiative.ca\/International\/wp-json\/wp\/v2\/users\/1965"}],"replies":[{"embeddable":true,"href":"https:\/\/linitiative.ca\/International\/wp-json\/wp\/v2\/comments?post=47658"}],"version-history":[{"count":0,"href":"https:\/\/linitiative.ca\/International\/wp-json\/wp\/v2\/posts\/47658\/revisions"}],"wp:attachment":[{"href":"https:\/\/linitiative.ca\/International\/wp-json\/wp\/v2\/media?parent=47658"}],"wp:term":[{"taxonomy":"category","embeddable":true,"href":"https:\/\/linitiative.ca\/International\/wp-json\/wp\/v2\/categories?post=47658"},{"taxonomy":"post_tag","embeddable":true,"href":"https:\/\/linitiative.ca\/International\/wp-json\/wp\/v2\/tags?post=47658"}],"curies":[{"name":"wp","href":"https:\/\/api.w.org\/{rel}","templated":true}]}}