{"id":47678,"date":"2019-07-22T07:48:13","date_gmt":"2019-07-22T11:48:13","guid":{"rendered":"https:\/\/linitiative.ca\/International\/point-de-vue-hanane-reda-et-tant-dautres\/"},"modified":"2019-07-22T07:48:13","modified_gmt":"2019-07-22T11:48:13","slug":"point-de-vue-hanane-reda-et-tant-dautres","status":"publish","type":"post","link":"https:\/\/linitiative.ca\/International\/point-de-vue-hanane-reda-et-tant-dautres\/","title":{"rendered":"Point de vue : Hanane, Reda\u2026 et tant d\u2019autres !"},"content":{"rendered":"<p><img decoding=\"async\" class=\"post_layout_5_img\" src=\"http:\/\/aujourdhui.ma\/wp-content\/uploads\/2018\/11\/Ahmed-GHAYET-1.jpg?x29840\" alt=\"Point de vue : Hanane, Reda\u2026 et tant d\u2019autres !\"\/><\/p>\n<p class=\"p1\"><span class=\"c4\"><strong><span class=\"s1\">Le petit Reda \u00e0 Mekn\u00e8s, Hanane \u00e0 Rabat\u2026les pr\u00e9dateurs s\u00e8ment la mort et nous semblons \u00abnous habituer\u00bb \u00e0 l\u2019horreur\u2026<\/span><\/strong><\/span><span id=\"more-315532\"\/><\/p>\n<p class=\"p1\"><span class=\"s1\">Encore et toujours, les femmes et les enfants sont dans notre pays les victimes de toutes les violences, \u00e0 nouveau le viol suivi du meurtre de Reda et de Hanane viennent nous rappeler qu\u2019h\u00e9las cela devient notre quotidien et qu\u2019aujourd\u2019hui les Marocaines sont en danger.<\/span><\/p>\n<p class=\"p1\"><span class=\"s1\">R\u00e9signation, indiff\u00e9rence, crainte ?\u2026 Toujours est-il que dor\u00e9navant l\u2019indignation ne s\u2019exprime plus que sur les r\u00e9seaux sociaux (ce qui est bien \u00e9videmment indispensable), or la mobilisation sur le terrain est irrempla\u00e7able car bien m\u00e9diatis\u00e9e, son impact est concret, palpable.<\/span><\/p>\n<p class=\"p1\"><span class=\"s1\">Cette fois-ci \u00e0 nouveau le risque \u00e9tait grand de ne voir l\u2019indignation se manifester que sur le Web, Dieu merci la soci\u00e9t\u00e9 civile veillait au grain et c\u2019est la journaliste et militante Narjis Rerhaye Souadka qui a d\u00e9clench\u00e9 le sursaut en publiant ce texte :<\/span><\/p>\n<p class=\"p1\"><span class=\"s1\"><em>\u00abLa victime du viol et meurtre abjects au Mellah de Rabat demande tout notre soutien<span class=\"Apple-converted-space\">\u00a0<\/span> et notre mobilisation.<\/em><\/span><\/p>\n<p class=\"p1\"><span class=\"s1\"><em>Le proc\u00e8s de son assassin se passe dans la plus grande discr\u00e9tion.\u00a0<\/em><\/span><\/p>\n<p class=\"p1\"><span class=\"s1\"><em>La soci\u00e9t\u00e9 civile va certainement r\u00e9agir et s\u2019indigner de ce qui est arriv\u00e9 \u00e0 cette pauvre fille.<\/em><\/span><\/p>\n<p class=\"p1\"><span class=\"s1\"><em>Ce qui est arriv\u00e9 \u00e0<span class=\"Apple-converted-space\">\u00a0<\/span> Rabat est \u00e9gal \u00e0 la barbarie d\u2019Imlil.<\/em><\/span><\/p>\n<p class=\"p1\"><span class=\"s1\"><em>Nous devons nous mobiliser pour que ce crime soit s\u00e9v\u00e8rement puni.<\/em><\/span><\/p>\n<p class=\"p1\"><span class=\"s1\"><em>Les femmes marocaines sont en danger face \u00e0 tant de violence\u00bb.<\/em><\/span><\/p>\n<p class=\"p1\"><span class=\"s1\">Et effectivement les mots ont fait mouche: parce que le proc\u00e8s de l\u2019 assassin de Hanane risquait de passer inaper\u00e7u, et parce qu\u2019une fois de plus -comme dans le meurtre barbare de Mareen et Louisa-<span class=\"Apple-converted-space\">\u00a0<\/span> les images de son calvaire ont ajout\u00e9 \u00e0 la barbarie de ce que la malheureuse jeune fille a subi.<\/span><\/p>\n<p class=\"p1\"><span class=\"s1\">Aujourd\u2019hui h\u00e9las, on viole, on tue et on filme !!!!!<\/span><\/p>\n<p class=\"p1\"><span class=\"s1\">Le nom de Hanane est donc venu s\u2019ajouter \u00e0 la longue liste des victimes de viol, de meurtre dans notre pays et en hommage \u00e0 toutes ces femmes, ces enfants -tel le petit Reda- qui ont pay\u00e9 de leur vie ce lourd tribut \u00e0 la violence meurtri\u00e8re, plus de 200 personnes ont donc r\u00e9pondu \u00e0 l\u2019appel et se sont retrouv\u00e9es vendredi devant le Parlement afin de r\u00e9veiller les consciences.<\/span><\/p>\n<p class=\"p1\"><span class=\"s1\">Force est de constater que seule la soci\u00e9t\u00e9 civile est, dans notre soci\u00e9t\u00e9, devenue une force d\u2019action ! Rarement dans un pays, la soci\u00e9t\u00e9 civile n\u2019aura fait autant la preuve de son dynamisme et de sa capacit\u00e9 d\u2019action\u2026<\/span><\/p>\n<p class=\"p1\"><span class=\"s1\">\u2013 Affaire des propos misogynes sur l\u2019antenne d\u2019une radio : la soci\u00e9t\u00e9 civile monte au cr\u00e9neau.<\/span><\/p>\n<p class=\"p1\"><span class=\"s1\">\u2013 Viol et meurtre de Hanane : la soci\u00e9t\u00e9 civile demande justice.<\/span><\/p>\n<p class=\"p1\"><span class=\"s1\">Les combats, la vigilance, les avanc\u00e9es se font tous gr\u00e2ce \u00e0 la soci\u00e9t\u00e9 civile\u2026h\u00e9las la classe politique est clairement absente de tous ces fronts\u2026 Et que dire des actions sociales, culturelles, humanitaires o\u00f9 la soci\u00e9t\u00e9 civile est \u00e0 la man\u0153uvre\u2026<\/span><\/p>\n<p class=\"p1\"><span class=\"s1\">Il faut rendre hommage \u00e0 ces femmes et \u00e0 ces jeunes qui sont (majoritairement) \u00e0 la pointe de toutes ces causes\u2026<\/span><\/p>\n<p class=\"p1\"><span class=\"s1\">Les forces vives dans notre soci\u00e9t\u00e9 ont actuellement un r\u00f4le d\u00e9terminant \u00e0 jouer, \u00e0 l\u2019heure o\u00f9 toute une jeunesse -enfants du Web- \u00e9merge, \u00e0 l\u2019heure o\u00f9 les d\u00e9fis soci\u00e9taux sont d\u2019une importance capitale et \u00e0 l\u2019heure o\u00f9 seules ces forces vives sont capables d\u2019\u00eatre sur le terrain \u00e9tant donn\u00e9 le manque de confiance dont souffrent nos \u00e9lus\u2026<\/span><\/p>\n<p class=\"p1\"><span class=\"s1\">Comptons sur les jeunes, m\u00eame n\u00e9glig\u00e9s ils sont devenus des acteurs majeurs au c\u0153ur de la soci\u00e9t\u00e9, comptons sur les femmes et l\u00e0 encore un signe ne trompe pas : dans la nouvelle composition du CNDH, SM le Roi a nomm\u00e9 8 femmes (en plus de la pr\u00e9sidente) sur 14, quand le chef de gouvernement a nomm\u00e9 2 femmes sur 8, et la Chambre des repr\u00e9sentants 0 femmes \u2026<\/span><\/p>\n<p class=\"p1\"><span class=\"s1\">SM le Roi nous montre la voie, le jeune pr\u00e9sident de l\u2019association Mogajeunes, Otmane Mazzine \u2013 qui organisait un sit in \u00e0 Essaouira, samedi soir- a eu raison de le dire dans son intervention \u00abStop aux violences faites aux femmes\u00bb sur la Place Moulay Hassan.<\/span><\/p>\n<p>Auteur: Ahmed GHAYET<br \/>\n<a href=\"http:\/\/aujourdhui.ma\/chroniques\/point-de-vue-hanane-reda-et-tant-dautres\">Cliquez ici pour lire l&rsquo;article depuis sa source.<\/a><\/p>\n","protected":false},"excerpt":{"rendered":"<p>Le petit Reda \u00e0 Mekn\u00e8s, Hanane \u00e0 Rabat\u2026les pr\u00e9dateurs s\u00e8ment la mort et nous semblons \u00abnous habituer\u00bb \u00e0 l\u2019horreur\u2026 Encore et toujours, les femmes et les enfants sont dans notre pays les victimes de toutes les violences, \u00e0 nouveau le viol suivi du meurtre de Reda et de Hanane viennent nous rappeler qu\u2019h\u00e9las cela devient [&hellip;]<\/p>\n","protected":false},"author":1759,"featured_media":0,"comment_status":"closed","ping_status":"closed","sticky":false,"template":"","format":"standard","meta":{"fifu_image_url":"","fifu_image_alt":"","footnotes":""},"categories":[73,54],"tags":[],"class_list":["post-47678","post","type-post","status-publish","format-standard","hentry","category-actualite","category-maroc"],"_links":{"self":[{"href":"https:\/\/linitiative.ca\/International\/wp-json\/wp\/v2\/posts\/47678","targetHints":{"allow":["GET"]}}],"collection":[{"href":"https:\/\/linitiative.ca\/International\/wp-json\/wp\/v2\/posts"}],"about":[{"href":"https:\/\/linitiative.ca\/International\/wp-json\/wp\/v2\/types\/post"}],"author":[{"embeddable":true,"href":"https:\/\/linitiative.ca\/International\/wp-json\/wp\/v2\/users\/1759"}],"replies":[{"embeddable":true,"href":"https:\/\/linitiative.ca\/International\/wp-json\/wp\/v2\/comments?post=47678"}],"version-history":[{"count":0,"href":"https:\/\/linitiative.ca\/International\/wp-json\/wp\/v2\/posts\/47678\/revisions"}],"wp:attachment":[{"href":"https:\/\/linitiative.ca\/International\/wp-json\/wp\/v2\/media?parent=47678"}],"wp:term":[{"taxonomy":"category","embeddable":true,"href":"https:\/\/linitiative.ca\/International\/wp-json\/wp\/v2\/categories?post=47678"},{"taxonomy":"post_tag","embeddable":true,"href":"https:\/\/linitiative.ca\/International\/wp-json\/wp\/v2\/tags?post=47678"}],"curies":[{"name":"wp","href":"https:\/\/api.w.org\/{rel}","templated":true}]}}