{"id":47679,"date":"2019-07-22T07:59:31","date_gmt":"2019-07-22T11:59:31","guid":{"rendered":"https:\/\/linitiative.ca\/International\/demissions-au-sein-de-la-cgem-salaheddine-mezouar-livre-sa-copie\/"},"modified":"2019-07-22T07:59:31","modified_gmt":"2019-07-22T11:59:31","slug":"demissions-au-sein-de-la-cgem-salaheddine-mezouar-livre-sa-copie","status":"publish","type":"post","link":"https:\/\/linitiative.ca\/International\/demissions-au-sein-de-la-cgem-salaheddine-mezouar-livre-sa-copie\/","title":{"rendered":"D\u00e9missions au sein de la CGEM : Salaheddine Mezouar livre sa copie"},"content":{"rendered":"<header>\n<\/header>\n<div class=\"entry-content clearfix\" readability=\"67\"><img decoding=\"async\" class=\"post_layout_5_img\" src=\"http:\/\/aujourdhui.ma\/wp-content\/uploads\/2019\/07\/Mezouar-CGEM.jpg?x29840\" alt=\"D\u00e9missions au sein de la CGEM : Salaheddine Mezouar livre sa copie\"\/><\/p>\n<p class=\"p1\"><span class=\"s1\"><span class=\"c4\"><strong>La vie continue \u00e0 la CGEM. Le mouvement de d\u00e9missions que la Conf\u00e9d\u00e9ration patronale a connu ces derniers jours n\u2019a pas r\u00e9ussi \u00e0 d\u00e9stabiliser les membres ni \u00e0 perturber le rythme de travail au sein de cette organisation.<\/strong><\/span><\/span> <span id=\"more-315511\"\/><\/p>\n<p class=\"p1\"><span class=\"s1\">C\u2019est du moins ce que confirme le patron des patrons Salaheddine Mezouar. Le pr\u00e9sident de la Conf\u00e9d\u00e9ration g\u00e9n\u00e9rale des entreprises du Maroc (CGEM) a jug\u00e9 le moment opportun pour sortir de son silence et mettre fin aux sp\u00e9culations autour de ce dossier. Un point de presse a \u00e9t\u00e9 tenu jeudi dernier \u00e0 Casablanca, quelques heures apr\u00e8s la d\u00e9mission de Fay\u00e7al Mekouar, vice-pr\u00e9sident de la Conf\u00e9d\u00e9ration. Un d\u00e9part inattendu qui intervient au lendemain de celui de Fadel Agoumi, directeur g\u00e9n\u00e9ral de la Conf\u00e9d\u00e9ration. <em>\u00abAucune scission ne s\u2019op\u00e8re au niveau de la Conf\u00e9d\u00e9ration.<\/em><\/span><\/p>\n<p class=\"p1\"><span class=\"s1\"><em>Je continuerai \u00e0 assumer mes responsabilit\u00e9s jusqu\u2019\u00e0 la fin du mandat et je ne permettrai \u00e0 personne de faire du mal \u00e0 cette organisation tant que je la pr\u00e9side\u00bb,<\/em> assure Salahedinne Mezouar. Bien que Mezouar se soit montr\u00e9 indiff\u00e9rent \u00e0 ces d\u00e9parts, tout \u00e0 fait normaux dans la vie d\u2019une organisation, la rupture de son bin\u00f4me avec Mekouar semble un peu dure \u00e0 surmonter. Avec \u00e9motion, Salaheddine Mezouar assure que le d\u00e9part de Mekouar est \u00abin\u00e9l\u00e9gant\u00bb par rapport au degr\u00e9 de confiance qu\u2019il lui porte ainsi que par la mani\u00e8re dont cette d\u00e9cision s\u2019est pr\u00e9sent\u00e9e. <em>\u00abRien ne justifie cette d\u00e9cision\u00bb,<\/em> assure-t-il. Il est \u00e0 rappeler que le bin\u00f4me Mezouar-Mekouar a \u00e9t\u00e9 \u00e9lu \u00e0 l\u2019unanimit\u00e9 lors des derni\u00e8res assembl\u00e9es \u00e9lectives de la CGEM. Une mandature confirm\u00e9e par 5.173 voix, soit 80% des votes. Cet incident de parcours ne court-circuitera pas l\u2019exercice de Mezouar au niveau de la CGEM.<\/span><\/p>\n<p class=\"p1\"><span class=\"s1\"><em>\u00abSi j\u2019ai pris l\u2019engagement de me pr\u00e9senter \u00e0 la pr\u00e9sidence de la CGEM ce n\u2019est pas pour abandonner en cours de route\u00bb<\/em>, pr\u00e9cise-t-il. Le pr\u00e9sident de la CGEM tourne cette page et s\u2019engage \u00e0 assumer ses responsabilit\u00e9s sans d\u00e9faillance. Le mode op\u00e9ratoire de la CGEM sera par ailleurs maintenu. Mezouar continuera ainsi \u00e0 rassembler les membres de la Conf\u00e9d\u00e9ration pour construire un projet patronal constructif.<\/span><\/p>\n<p class=\"p1\"><span class=\"s1\">Deux gros chantiers se pr\u00e9sentent d\u00e8s septembre marquant une rentr\u00e9e prometteuse pour le patronat. La rencontre avec Mezouar \u00e9tait \u00e9galement une occasion pour mettre le point sur certaines positions de la CGEM, notamment celle relative \u00e0 la Zone de libre-\u00e9change continentale africaine (ZLECA). Le pr\u00e9sident de la CGEM assure que cette zone est \u00e0 l\u2019avantage du secteur priv\u00e9 marocain. Il a r\u00e9it\u00e9r\u00e9, dans ce sens, son engagement \u00e0 accompagner les n\u00e9gociations pr\u00e9vues en septembre.<\/span><\/p>\n<\/div>\n<p>Auteur: Kawtar Tali<br \/>\n<a href=\"http:\/\/aujourdhui.ma\/economie\/demissions-au-sein-de-la-cgem-salaheddine-mezouar-livre-sa-copie\">Cliquez ici pour lire l&rsquo;article depuis sa source.<\/a><\/p>\n","protected":false},"excerpt":{"rendered":"<p>La vie continue \u00e0 la CGEM. Le mouvement de d\u00e9missions que la Conf\u00e9d\u00e9ration patronale a connu ces derniers jours n\u2019a pas r\u00e9ussi \u00e0 d\u00e9stabiliser les membres ni \u00e0 perturber le rythme de travail au sein de cette organisation. C\u2019est du moins ce que confirme le patron des patrons Salaheddine Mezouar. Le pr\u00e9sident de la Conf\u00e9d\u00e9ration [&hellip;]<\/p>\n","protected":false},"author":1759,"featured_media":0,"comment_status":"closed","ping_status":"closed","sticky":false,"template":"","format":"standard","meta":{"fifu_image_url":"","fifu_image_alt":"","footnotes":""},"categories":[73,54],"tags":[],"class_list":["post-47679","post","type-post","status-publish","format-standard","hentry","category-actualite","category-maroc"],"_links":{"self":[{"href":"https:\/\/linitiative.ca\/International\/wp-json\/wp\/v2\/posts\/47679","targetHints":{"allow":["GET"]}}],"collection":[{"href":"https:\/\/linitiative.ca\/International\/wp-json\/wp\/v2\/posts"}],"about":[{"href":"https:\/\/linitiative.ca\/International\/wp-json\/wp\/v2\/types\/post"}],"author":[{"embeddable":true,"href":"https:\/\/linitiative.ca\/International\/wp-json\/wp\/v2\/users\/1759"}],"replies":[{"embeddable":true,"href":"https:\/\/linitiative.ca\/International\/wp-json\/wp\/v2\/comments?post=47679"}],"version-history":[{"count":0,"href":"https:\/\/linitiative.ca\/International\/wp-json\/wp\/v2\/posts\/47679\/revisions"}],"wp:attachment":[{"href":"https:\/\/linitiative.ca\/International\/wp-json\/wp\/v2\/media?parent=47679"}],"wp:term":[{"taxonomy":"category","embeddable":true,"href":"https:\/\/linitiative.ca\/International\/wp-json\/wp\/v2\/categories?post=47679"},{"taxonomy":"post_tag","embeddable":true,"href":"https:\/\/linitiative.ca\/International\/wp-json\/wp\/v2\/tags?post=47679"}],"curies":[{"name":"wp","href":"https:\/\/api.w.org\/{rel}","templated":true}]}}