{"id":47680,"date":"2019-07-22T08:05:41","date_gmt":"2019-07-22T12:05:41","guid":{"rendered":"https:\/\/linitiative.ca\/International\/festival-international-jawhara-le-retour-de-cheb-bilal\/"},"modified":"2019-07-22T08:05:41","modified_gmt":"2019-07-22T12:05:41","slug":"festival-international-jawhara-le-retour-de-cheb-bilal","status":"publish","type":"post","link":"https:\/\/linitiative.ca\/International\/festival-international-jawhara-le-retour-de-cheb-bilal\/","title":{"rendered":"Festival international Jawhara : Le retour de Cheb Bilal"},"content":{"rendered":"<p><img decoding=\"async\" class=\"post_layout_5_img\" src=\"http:\/\/aujourdhui.ma\/wp-content\/uploads\/2019\/07\/Cheb-Bilal-Festival-international-Jawhara.jpg?x29840\" alt=\"Festival international Jawhara : Le retour de Cheb Bilal\"\/><\/p>\n<p class=\"p1\"><span class=\"s1\"><span class=\"c4\"><strong>Les villes d\u2019El Jadida, Azemmour et Bir Jdid accueilleront \u00e0 nouveau le Festival international Jawhara, pr\u00e9vu pour sa 9<sup>\u00e8me<\/sup> \u00e9dition du 2 au 4 ao\u00fbt 2019.<\/strong><\/span><\/span><span id=\"more-315547\"\/><\/p>\n<p class=\"p1\"><span class=\"s1\"><span class=\"c4\"><strong><span class=\"Apple-converted-space\">\u00a0<\/span><\/strong><\/span> Selon l\u2019Association Doukkala, organisatrice de cette manifestation, cette \u00e9dition offre une programmation artistique riche et vari\u00e9e anim\u00e9e par plusieurs stars de la chanson. Elle se distingue en effet par le grand retour du Cheb Bilal. Grand fid\u00e8le du festival, le chanteur alg\u00e9rien se produira lors de la soir\u00e9e de cl\u00f4ture. Cette \u00e9dition accueillera \u00e9galement l\u2019artiste libanais Yuri Mrakadi.<\/span><\/p>\n<p class=\"p1\"><span class=\"s1\">D\u00e8s ses d\u00e9buts en 2001 et \u00e0 travers son premier album, Yuri a pu confirmer son talent. Gr\u00e2ce \u00e0 son single \u00abArabiyoune Ana\u00bb, il a conquis le monde en faisant une tourn\u00e9e dans plus de 21 pays et a tr\u00e8s vite \u00e9t\u00e9 sollicit\u00e9 par plusieurs marques prestigieuses. D\u2019autres noms de la sc\u00e8ne musicale marocaine sont \u00e9galement inscrits au programme publi\u00e9 via le site du festival, \u00e0 l\u2019instar d\u2019Ibtissam Tiskat, Saida Charaf, Zakaria El Rhaffouli, Zina Daoudiya, Cheb Amrou, Daoudi, Isam Kamal, Blandy et autres. Outre les spectacles, le festival offre d\u2019autres activit\u00e9s associant concours jeunes talents, arts plastiques, th\u00e9\u00e2tre, animation de rue et ateliers. Le Festival international Jawhara est l\u2019un des \u00e9v\u00e9nements les plus importants au Maroc, ayant cumul\u00e9 depuis 2011 plus de 5 millions de festivaliers, 55 millions de t\u00e9l\u00e9spectateurs, 25 pays repr\u00e9sent\u00e9s, 15 lieux d\u2019activit\u00e9s, 500 artistes et musiciens.<\/span><\/p>\n<p class=\"p1\"><span class=\"s1\"><em>\u00abLes huit \u00e9ditions du Festival Jawhara ont connu un franc succ\u00e8s, une r\u00e9ussite sans pr\u00e9c\u00e9dent sur tous les plans gr\u00e2ce au soutien, l\u2019implication personnelle, la disponibilit\u00e9, le d\u00e9vouement et le patriotisme doukkalis de tous les acteurs\u00bb<\/em>, indique Nabil Krat, directeur du festival en ajoutant que <em>\u00abcette cons\u00e9cration n\u2019est pas le fruit du hasard, c\u2019est tout d\u2019abord une vision strat\u00e9gique bien pens\u00e9e, mise en application sur le terrain par une \u00e9quipe de Doukkalis ambitieux et d\u00e9vou\u00e9s pour la bonne cause, soutenue par toutes les composantes de la ville et de la r\u00e9gion, \u00e0 leur t\u00eate le gouverneur de la province d\u2019El Jadida\u00bb.<\/em><\/span><\/p>\n<p>Auteur: ALM<br \/>\n<a href=\"http:\/\/aujourdhui.ma\/culture\/musique\/festival-international-jawhara-le-retour-de-cheb-bilal\">Cliquez ici pour lire l&rsquo;article depuis sa source.<\/a><\/p>\n","protected":false},"excerpt":{"rendered":"<p>Les villes d\u2019El Jadida, Azemmour et Bir Jdid accueilleront \u00e0 nouveau le Festival international Jawhara, pr\u00e9vu pour sa 9\u00e8me \u00e9dition du 2 au 4 ao\u00fbt 2019. \u00a0 Selon l\u2019Association Doukkala, organisatrice de cette manifestation, cette \u00e9dition offre une programmation artistique riche et vari\u00e9e anim\u00e9e par plusieurs stars de la chanson. Elle se distingue en effet [&hellip;]<\/p>\n","protected":false},"author":1759,"featured_media":0,"comment_status":"closed","ping_status":"closed","sticky":false,"template":"","format":"standard","meta":{"fifu_image_url":"","fifu_image_alt":"","footnotes":""},"categories":[73,54],"tags":[],"class_list":["post-47680","post","type-post","status-publish","format-standard","hentry","category-actualite","category-maroc"],"_links":{"self":[{"href":"https:\/\/linitiative.ca\/International\/wp-json\/wp\/v2\/posts\/47680","targetHints":{"allow":["GET"]}}],"collection":[{"href":"https:\/\/linitiative.ca\/International\/wp-json\/wp\/v2\/posts"}],"about":[{"href":"https:\/\/linitiative.ca\/International\/wp-json\/wp\/v2\/types\/post"}],"author":[{"embeddable":true,"href":"https:\/\/linitiative.ca\/International\/wp-json\/wp\/v2\/users\/1759"}],"replies":[{"embeddable":true,"href":"https:\/\/linitiative.ca\/International\/wp-json\/wp\/v2\/comments?post=47680"}],"version-history":[{"count":0,"href":"https:\/\/linitiative.ca\/International\/wp-json\/wp\/v2\/posts\/47680\/revisions"}],"wp:attachment":[{"href":"https:\/\/linitiative.ca\/International\/wp-json\/wp\/v2\/media?parent=47680"}],"wp:term":[{"taxonomy":"category","embeddable":true,"href":"https:\/\/linitiative.ca\/International\/wp-json\/wp\/v2\/categories?post=47680"},{"taxonomy":"post_tag","embeddable":true,"href":"https:\/\/linitiative.ca\/International\/wp-json\/wp\/v2\/tags?post=47680"}],"curies":[{"name":"wp","href":"https:\/\/api.w.org\/{rel}","templated":true}]}}