{"id":47681,"date":"2019-07-22T08:32:33","date_gmt":"2019-07-22T12:32:33","guid":{"rendered":"https:\/\/linitiative.ca\/International\/mohammed-el-yaakoubi-expose-ses-oeuvres-a-rabat\/"},"modified":"2019-07-22T08:32:33","modified_gmt":"2019-07-22T12:32:33","slug":"mohammed-el-yaakoubi-expose-ses-oeuvres-a-rabat","status":"publish","type":"post","link":"https:\/\/linitiative.ca\/International\/mohammed-el-yaakoubi-expose-ses-oeuvres-a-rabat\/","title":{"rendered":"Mohammed El Yaakoubi expose ses \u0153uvres \u00e0  Rabat"},"content":{"rendered":"<header>\n<div class=\"entry-post-meta\">\n<div class=\"author-link\">Publi\u00e9 par <a itemprop=\"author\" itemscope=\"\" itemtype=\"https:\/\/schema.org\/Person\" href=\"http:\/\/aujourdhui.ma\/profile\/kaid\" rel=\"author\"><span itemprop=\"name\">ALM<\/span><\/a><\/div>\n<p>Date\u00a0:<time content=\"2019-07-22T13:32:33+00:00\" class=\"entry-date updated\" datetime=\"2019-07-22T13:32:33+00:00\">juillet 22, 2019<\/time><\/p>\n<div class=\"entry-cat\">dans:<a href=\"http:\/\/aujourdhui.ma\/category\/culture\" rel=\"category tag\">Culture<\/a><\/div>\n<p>0 Vues<\/p>\n<\/div>\n<\/header>\n<div class=\"entry-content clearfix\" readability=\"46\"><img decoding=\"async\" class=\"post_layout_5_img\" src=\"http:\/\/aujourdhui.ma\/wp-content\/uploads\/2019\/07\/Tableaux-Exposition.jpg?x29840\" alt=\"Mohammed El Yaakoubi expose ses \u0153uvres \u00e0 Rabat\"\/><\/p>\n<p class=\"p1\"><span class=\"s1\"><span class=\"c4\"><strong>La direction r\u00e9gionale de l\u2019AUF au Maghreb \u00e0 Rabat abrite jusqu\u2019au 31 juillet 2019 une exposition de l\u2019artiste Mohammed El Yaakoubi. Mariant le figuratif, l\u2019onirisme, le surr\u00e9alisme et la symbolique, le peintre nous offre aujourd\u2019hui un condens\u00e9 de deux ann\u00e9es de travail et de recherche portant sur de nouvelles formes et modes d\u2019expression.<\/strong><\/span><\/span> <span id=\"more-315552\"\/><\/p>\n<p class=\"p1\"><span class=\"s1\">L\u2019itin\u00e9raire fl\u00e9ch\u00e9 par Mohammed El Yaakoubi nous entra\u00eene \u00e0 la d\u00e9couverte de sa repr\u00e9sentation du monde, o\u00f9 l\u2019imaginaire c\u00f4toie la r\u00e9alit\u00e9, tant\u00f4t dans une symbiose de couleur pastel \u00e9voquant la douceur de vivre, tant\u00f4t en ruptures et contrastes exacerb\u00e9s trahissant la violence des sentiments intenses et contradictoires qui l\u2019animent.<\/span><\/p>\n<\/div>\n<p>Auteur: ALM<br \/>\n<a href=\"http:\/\/aujourdhui.ma\/culture\/mohammed-el-yaakoubi-expose-ses-oeuvres-a-rabat\">Cliquez ici pour lire l&rsquo;article depuis sa source.<\/a><\/p>\n","protected":false},"excerpt":{"rendered":"<p>Publi\u00e9 par ALM Date\u00a0:juillet 22, 2019 dans:Culture 0 Vues La direction r\u00e9gionale de l\u2019AUF au Maghreb \u00e0 Rabat abrite jusqu\u2019au 31 juillet 2019 une exposition de l\u2019artiste Mohammed El Yaakoubi. Mariant le figuratif, l\u2019onirisme, le surr\u00e9alisme et la symbolique, le peintre nous offre aujourd\u2019hui un condens\u00e9 de deux ann\u00e9es de travail et de recherche portant [&hellip;]<\/p>\n","protected":false},"author":1759,"featured_media":0,"comment_status":"closed","ping_status":"closed","sticky":false,"template":"","format":"standard","meta":{"fifu_image_url":"","fifu_image_alt":"","footnotes":""},"categories":[73,54],"tags":[],"class_list":["post-47681","post","type-post","status-publish","format-standard","hentry","category-actualite","category-maroc"],"_links":{"self":[{"href":"https:\/\/linitiative.ca\/International\/wp-json\/wp\/v2\/posts\/47681","targetHints":{"allow":["GET"]}}],"collection":[{"href":"https:\/\/linitiative.ca\/International\/wp-json\/wp\/v2\/posts"}],"about":[{"href":"https:\/\/linitiative.ca\/International\/wp-json\/wp\/v2\/types\/post"}],"author":[{"embeddable":true,"href":"https:\/\/linitiative.ca\/International\/wp-json\/wp\/v2\/users\/1759"}],"replies":[{"embeddable":true,"href":"https:\/\/linitiative.ca\/International\/wp-json\/wp\/v2\/comments?post=47681"}],"version-history":[{"count":0,"href":"https:\/\/linitiative.ca\/International\/wp-json\/wp\/v2\/posts\/47681\/revisions"}],"wp:attachment":[{"href":"https:\/\/linitiative.ca\/International\/wp-json\/wp\/v2\/media?parent=47681"}],"wp:term":[{"taxonomy":"category","embeddable":true,"href":"https:\/\/linitiative.ca\/International\/wp-json\/wp\/v2\/categories?post=47681"},{"taxonomy":"post_tag","embeddable":true,"href":"https:\/\/linitiative.ca\/International\/wp-json\/wp\/v2\/tags?post=47681"}],"curies":[{"name":"wp","href":"https:\/\/api.w.org\/{rel}","templated":true}]}}