{"id":47682,"date":"2019-07-22T08:32:52","date_gmt":"2019-07-22T12:32:52","guid":{"rendered":"https:\/\/linitiative.ca\/International\/lart-du-malhoun-sinvite-a-fes\/"},"modified":"2019-07-22T08:32:52","modified_gmt":"2019-07-22T12:32:52","slug":"lart-du-malhoun-sinvite-a-fes","status":"publish","type":"post","link":"https:\/\/linitiative.ca\/International\/lart-du-malhoun-sinvite-a-fes\/","title":{"rendered":"L\u2019art du malhoun s\u2019invite \u00e0 F\u00e8s"},"content":{"rendered":"<header>\n<div class=\"entry-post-meta\">\n<div class=\"author-link\">Publi\u00e9 par <a itemprop=\"author\" itemscope=\"\" itemtype=\"https:\/\/schema.org\/Person\" href=\"http:\/\/aujourdhui.ma\/profile\/kaid\" rel=\"author\"><span itemprop=\"name\">ALM<\/span><\/a><\/div>\n<p>Date\u00a0:<time content=\"2019-07-22T13:32:52+00:00\" class=\"entry-date updated\" datetime=\"2019-07-22T13:32:52+00:00\">juillet 22, 2019<\/time><\/p>\n<div class=\"entry-cat\">dans:<a href=\"http:\/\/aujourdhui.ma\/category\/culture\/musique\" rel=\"category tag\">Musique<\/a><\/div>\n<p>0 Vues<\/p>\n<\/div>\n<\/header>\n<div class=\"entry-content clearfix\" readability=\"51\"><img decoding=\"async\" class=\"post_layout_5_img\" src=\"http:\/\/aujourdhui.ma\/wp-content\/uploads\/2019\/07\/malhoun-Fes.jpg?x29840\" alt=\"L\u2019art du malhoun s\u2019invite \u00e0 F\u00e8s\"\/><\/p>\n<p class=\"p1\"><span class=\"s1\"><span class=\"c4\"><strong>La ville de F\u00e8s abritera du 20 au 28 juillet la 17\u00e8me \u00e9dition du Festival national de l\u2019art du Malhoun sous le th\u00e8me \u00abMalhoun : les perspectives d\u2019avenir\u00bb.<span class=\"Apple-converted-space\">\u00a0<\/span><\/strong><\/span><\/span><span id=\"more-315553\"\/><\/p>\n<p class=\"p1\"><span class=\"s1\">Initi\u00e9e par la commune urbaine de F\u00e8s, en partenariat avec ses arrondissements et la fondation \u00abPatrimoine de la ville\u00bb, cette manifestation tend \u00e0 pr\u00e9server le patrimoine culturel immat\u00e9riel de la capitale spirituelle, particuli\u00e8rement l\u2019art du Malhoun. Le festival verra l\u2019organisation de plusieurs concerts et soir\u00e9es artistiques anim\u00e9s par des troupes issues de diverses r\u00e9gions du Maroc.<\/span><\/p>\n<p class=\"p1\"><span class=\"s1\">Il s\u2019agit des orchestres de Moulay Idriss de l\u2019art du malhoun, Thami Lamdhaghri, Feu Haj Ahmed Laghrabli, Said Guennoun, Sijlmassa-Arfoud et El Assala de Mekn\u00e8s, outre les groupes de l\u2019association Montada-Rabat, de feu Abdellah Chliyah-Marrakech et Achiakh El Malhoun-F\u00e8s.<\/span><\/p>\n<\/div>\n<p>Auteur: ALM<br \/>\n<a href=\"http:\/\/aujourdhui.ma\/culture\/musique\/lart-du-malhoun-sinvite-a-fes\">Cliquez ici pour lire l&rsquo;article depuis sa source.<\/a><\/p>\n","protected":false},"excerpt":{"rendered":"<p>Publi\u00e9 par ALM Date\u00a0:juillet 22, 2019 dans:Musique 0 Vues La ville de F\u00e8s abritera du 20 au 28 juillet la 17\u00e8me \u00e9dition du Festival national de l\u2019art du Malhoun sous le th\u00e8me \u00abMalhoun : les perspectives d\u2019avenir\u00bb.\u00a0 Initi\u00e9e par la commune urbaine de F\u00e8s, en partenariat avec ses arrondissements et la fondation \u00abPatrimoine de la [&hellip;]<\/p>\n","protected":false},"author":1759,"featured_media":0,"comment_status":"closed","ping_status":"closed","sticky":false,"template":"","format":"standard","meta":{"fifu_image_url":"","fifu_image_alt":"","footnotes":""},"categories":[73,54],"tags":[],"class_list":["post-47682","post","type-post","status-publish","format-standard","hentry","category-actualite","category-maroc"],"_links":{"self":[{"href":"https:\/\/linitiative.ca\/International\/wp-json\/wp\/v2\/posts\/47682","targetHints":{"allow":["GET"]}}],"collection":[{"href":"https:\/\/linitiative.ca\/International\/wp-json\/wp\/v2\/posts"}],"about":[{"href":"https:\/\/linitiative.ca\/International\/wp-json\/wp\/v2\/types\/post"}],"author":[{"embeddable":true,"href":"https:\/\/linitiative.ca\/International\/wp-json\/wp\/v2\/users\/1759"}],"replies":[{"embeddable":true,"href":"https:\/\/linitiative.ca\/International\/wp-json\/wp\/v2\/comments?post=47682"}],"version-history":[{"count":0,"href":"https:\/\/linitiative.ca\/International\/wp-json\/wp\/v2\/posts\/47682\/revisions"}],"wp:attachment":[{"href":"https:\/\/linitiative.ca\/International\/wp-json\/wp\/v2\/media?parent=47682"}],"wp:term":[{"taxonomy":"category","embeddable":true,"href":"https:\/\/linitiative.ca\/International\/wp-json\/wp\/v2\/categories?post=47682"},{"taxonomy":"post_tag","embeddable":true,"href":"https:\/\/linitiative.ca\/International\/wp-json\/wp\/v2\/tags?post=47682"}],"curies":[{"name":"wp","href":"https:\/\/api.w.org\/{rel}","templated":true}]}}