{"id":47684,"date":"2019-07-22T09:30:41","date_gmt":"2019-07-22T13:30:41","guid":{"rendered":"https:\/\/linitiative.ca\/International\/mosquee-tariq-ibn-ziyad-agadir-imchkikelin-et-le-minaret-dagadir-ces-chefs-doeuvre-bientot-classes-patrimoine-historique-national\/"},"modified":"2019-07-22T09:30:41","modified_gmt":"2019-07-22T13:30:41","slug":"mosquee-tariq-ibn-ziyad-agadir-imchkikelin-et-le-minaret-dagadir-ces-chefs-doeuvre-bientot-classes-patrimoine-historique-national","status":"publish","type":"post","link":"https:\/\/linitiative.ca\/International\/mosquee-tariq-ibn-ziyad-agadir-imchkikelin-et-le-minaret-dagadir-ces-chefs-doeuvre-bientot-classes-patrimoine-historique-national\/","title":{"rendered":"Mosqu\u00e9e \u00abTariq Ibn Ziyad\u00bb, \u00abAgadir Imchkikelin\u00bb et le \u00abMinaret d\u2019Agadir\u00bb : Ces chefs-d\u2019\u0153uvre bient\u00f4t class\u00e9s patrimoine historique national"},"content":{"rendered":"<p><img decoding=\"async\" class=\"post_layout_5_img\" src=\"http:\/\/aujourdhui.ma\/wp-content\/uploads\/2019\/07\/Mosque%CC%81es-Tariq-Ibn-Ziyad-Agadir-Imchkikelin-et-Minaret-d%E2%80%99Agadir.jpg?x29840\" alt=\"Mosqu\u00e9e \u00abTariq Ibn Ziyad\u00bb, \u00abAgadir Imchkikelin\u00bb et le \u00abMinaret d\u2019Agadir\u00bb : Ces chefs-d\u2019\u0153uvre bient\u00f4t class\u00e9s patrimoine historique national\"\/><\/p>\n<p class=\"p1\"><span class=\"s1\"><span class=\"c4\"><strong>Le minist\u00e8re de la culture et de la communication r\u00e9affirme sa politique de conservation et de mise en valeur du patrimoine. En effet, il entame l\u2019inscription d\u2019une s\u00e9rie de b\u00e2timents historiques sur la liste du patrimoine national.<\/strong><\/span><\/span> <span id=\"more-315550\"\/><\/p>\n<p class=\"p1\"><span class=\"s1\">Selon le minist\u00e8re, il s\u2019agit de la mosqu\u00e9e Tariq Ibn Ziyad situ\u00e9e dans la province de Chefchaouen (VIIIe si\u00e8cle). Cet \u00e9difice se veut un mod\u00e8le de l\u2019architecture religieuse de montagne dans la r\u00e9gion du nord du Maroc, en termes des techniques et mat\u00e9riaux de construction utilis\u00e9s. Selon la m\u00eame source, il a \u00e9galement \u00e9t\u00e9 proc\u00e9d\u00e9 \u00e0 l\u2019inscription du grenier collectif \u00abAgadir Imchkikelin\u00bb dans la province de Chtouka-A\u00eft Baha. Il s\u2019agit de l\u2019un des plus importants greniers de la r\u00e9gion, vieux de plus de cinq si\u00e8cles. Le minaret d\u2019Agadir Amghar dans la province de Tata, un chef-d\u2019\u0153uvre architectural dans le milieu des oasis au Maroc, sera aussi inscrit sur la liste du patrimoine national au vu de sa forme et son architecture. Il faut noter que cette op\u00e9ration s\u2019inscrit dans le cadre de la politique du minist\u00e8re visant \u00e0 garantir <em>\u00abla protection juridique du patrimoine national et civilisationnel du pays, \u00e0 le valoriser et \u00e0 l\u2019inclure dans une perspective de d\u00e9veloppement global\u00bb.\u00a0<\/em><\/span><\/p>\n<p class=\"p3\"><span class=\"s1\"><strong>Sites et monuments\u00a0<\/strong><\/span><span class=\"s1\"><strong>historiques :<span class=\"Apple-converted-space\">\u00a0<\/span> 90 MDH de\u00a0<\/strong><\/span><span class=\"s1\"><strong>recettes \u00e0 mi-juillet 2019<\/strong><\/span><\/p>\n<p class=\"p1\"><span class=\"s1\">Les ressources du Fonds national pour l\u2019action culturelle ont enregistr\u00e9 une hausse importante durant l\u2019ann\u00e9e en cours en termes de revenus des visites des sites et monuments historiques. Selon le d\u00e9partement de la culture, <em>\u00ables recettes provenant des sites du patrimoine dans les diff\u00e9rentes r\u00e9gions du Royaume ont substantiellement augment\u00e9, entre janvier et la mi-juillet 2019, de pr\u00e8s de 5,87 millions de dirham spar rapport \u00e0 la m\u00eame p\u00e9riode de 2016, atteignant 90 millions de dirhams\u00bb.<\/em> La m\u00eame source indique que durant la premi\u00e8re moiti\u00e9 de 2019, le nombre des visiteurs des sites du patrimoine a atteint plus de 1,5 million, en hausse de 155% par rapport \u00e0 la m\u00eame p\u00e9riode de 2016, soit un total de 588.633 visiteurs.<\/span><\/p>\n<p class=\"p1\"><span class=\"s1\">Dans ce sens, le minist\u00e8re souligne qu\u2019il \u0153uvre en vue de l\u2019am\u00e9lioration et le d\u00e9veloppement des services susceptibles d\u2019attirer davantage de visiteurs et g\u00e9n\u00e9rer plus de recettes, selon une strat\u00e9gie de gestion id\u00e9ale, englobant les aspects juridiques, institutionnels, financiers et humains, expliquant que ces actions s\u2019inscrivent dans le cadre des efforts qu\u2019il d\u00e9ploie afin de pr\u00e9server et valoriser le patrimoine civilisationnel mat\u00e9riel, les sites et les monuments historiques \u00e9tant un levier de d\u00e9veloppement \u00e9conomique et un pilier dans la r\u00e9alisation du d\u00e9veloppement durable dans le Royaume.<\/span><\/p>\n<p class=\"p1\"><span class=\"s1\"><em>\u00abLe minist\u00e8re met en \u0153uvre des dispositions visant la valorisation et le renforcement des \u00e9l\u00e9ments d\u2019attraction dans ces sites, afin d\u2019en faire des p\u00f4les d\u2019attractivit\u00e9 touristique et culturelle, \u00e0 travers des projets int\u00e9gr\u00e9s dans le d\u00e9veloppement local, r\u00e9gional et national\u00bb.<\/em><\/span><\/p>\n<p>Auteur: Siham Jadraoui<br \/>\n<a href=\"http:\/\/aujourdhui.ma\/culture\/mosquee-tariq-ibn-ziyad-agadir-imchkikelin-et-le-minaret-dagadir-ces-chefs-doeuvre-bientot-classes-patrimoine-historique-national\">Cliquez ici pour lire l&rsquo;article depuis sa source.<\/a><\/p>\n","protected":false},"excerpt":{"rendered":"<p>Le minist\u00e8re de la culture et de la communication r\u00e9affirme sa politique de conservation et de mise en valeur du patrimoine. En effet, il entame l\u2019inscription d\u2019une s\u00e9rie de b\u00e2timents historiques sur la liste du patrimoine national. Selon le minist\u00e8re, il s\u2019agit de la mosqu\u00e9e Tariq Ibn Ziyad situ\u00e9e dans la province de Chefchaouen (VIIIe [&hellip;]<\/p>\n","protected":false},"author":1759,"featured_media":0,"comment_status":"closed","ping_status":"closed","sticky":false,"template":"","format":"standard","meta":{"fifu_image_url":"","fifu_image_alt":"","footnotes":""},"categories":[73,54],"tags":[],"class_list":["post-47684","post","type-post","status-publish","format-standard","hentry","category-actualite","category-maroc"],"_links":{"self":[{"href":"https:\/\/linitiative.ca\/International\/wp-json\/wp\/v2\/posts\/47684","targetHints":{"allow":["GET"]}}],"collection":[{"href":"https:\/\/linitiative.ca\/International\/wp-json\/wp\/v2\/posts"}],"about":[{"href":"https:\/\/linitiative.ca\/International\/wp-json\/wp\/v2\/types\/post"}],"author":[{"embeddable":true,"href":"https:\/\/linitiative.ca\/International\/wp-json\/wp\/v2\/users\/1759"}],"replies":[{"embeddable":true,"href":"https:\/\/linitiative.ca\/International\/wp-json\/wp\/v2\/comments?post=47684"}],"version-history":[{"count":0,"href":"https:\/\/linitiative.ca\/International\/wp-json\/wp\/v2\/posts\/47684\/revisions"}],"wp:attachment":[{"href":"https:\/\/linitiative.ca\/International\/wp-json\/wp\/v2\/media?parent=47684"}],"wp:term":[{"taxonomy":"category","embeddable":true,"href":"https:\/\/linitiative.ca\/International\/wp-json\/wp\/v2\/categories?post=47684"},{"taxonomy":"post_tag","embeddable":true,"href":"https:\/\/linitiative.ca\/International\/wp-json\/wp\/v2\/tags?post=47684"}],"curies":[{"name":"wp","href":"https:\/\/api.w.org\/{rel}","templated":true}]}}