{"id":47686,"date":"2019-07-22T10:30:58","date_gmt":"2019-07-22T14:30:58","guid":{"rendered":"https:\/\/linitiative.ca\/International\/1er-hackathon-du-developpement-humain-le-projet-ibtikar-remporte-letape-de-tanger\/"},"modified":"2019-07-22T10:30:58","modified_gmt":"2019-07-22T14:30:58","slug":"1er-hackathon-du-developpement-humain-le-projet-ibtikar-remporte-letape-de-tanger","status":"publish","type":"post","link":"https:\/\/linitiative.ca\/International\/1er-hackathon-du-developpement-humain-le-projet-ibtikar-remporte-letape-de-tanger\/","title":{"rendered":"1er hackathon du d\u00e9veloppement humain :  Le projet \u00abIbtikar\u00bb remporte l\u2019\u00e9tape de Tanger"},"content":{"rendered":"<p><img decoding=\"async\" class=\"post_layout_5_img\" src=\"http:\/\/aujourdhui.ma\/wp-content\/uploads\/2019\/07\/Tanger-Ibtikar-hackathon.jpg?x29840\" alt=\"1er hackathon du d\u00e9veloppement humain : Le projet \u00abIbtikar\u00bb remporte l\u2019\u00e9tape de Tanger\"\/><\/p>\n<p class=\"p1\"><span class=\"c4\"><strong><em>Une cinquantaine de jeunes a travaill\u00e9 sur la th\u00e9matique de la petite enfance<\/em><\/strong><\/span><span id=\"more-315526\"\/><\/p>\n<p class=\"p1\">Consid\u00e9r\u00e9e comme chef-lieu de la r\u00e9gion de Tanger-T\u00e9touan-Al Hoceima, la ville du d\u00e9troit a \u00e9t\u00e9 la sixi\u00e8me \u00e9tape du premier hackathon (comp\u00e9tition d\u2019id\u00e9es de projets sur le th\u00e8me de la petite enfance), dont la c\u00e9r\u00e9monie de cl\u00f4ture a \u00e9t\u00e9 marqu\u00e9e, samedi 20 juillet, par la remise des prix aux trois projets gagnants au niveau r\u00e9gional. Fruit du travail de dix \u00e9quipes (de cinq membres chacune) participantes \u00e0 cette sixi\u00e8me \u00e9tape, <em>\u00abtous les projets sont gagnants. Ils m\u00e9ritent tous un accompagnement et leur d\u00e9veloppement en entreprises dans le cadre de l\u2019Initiative nationale pour le d\u00e9veloppement humain (INDH)\u00bb,<\/em> a indiqu\u00e9 Mohammed Dardouri, wali coordonnateur national de l\u2019INDH.<\/p>\n<p class=\"p1\">Le projet \u00abIbtikar\u00bb a r\u00e9ussi \u00e0 remporter la premi\u00e8re place lors de la sixi\u00e8me \u00e9tape dans le cadre de cette comp\u00e9tition, organis\u00e9e du 9 juillet au 9 ao\u00fbt dans les chefs-lieux des 12 r\u00e9gions du Royaume. Il se qualifie ainsi pour repr\u00e9senter la r\u00e9gion de Tanger-T\u00e9touan-Al Hoceima \u00e0 la finale de ce grand concours national, pr\u00e9vue lors des travaux des Assises nationales du d\u00e9veloppement humain, qui auront lieu les 18 et 19 septembre \u00e0 Skhirat. <em>\u00abNous consid\u00e9rons, au sein de notre \u00e9quipe, que le projet \u00abIbtikar\u00bb est le fruit de cette sixi\u00e8me \u00e9tape organis\u00e9e \u00e0 Tanger. Nous avons voulu cr\u00e9er un jeu social et cr\u00e9atif que nous avons baptis\u00e9 \u00abPays des merveilles\u00bb. Il vise \u00e0 aider les enfants \u00e0 mieux communiquer avec leur entourage. Les enfants sont amen\u00e9s \u00e0 travers ce jeu social \u00e0 r\u00e9pondre \u00e0 un certain nombre de d\u00e9fis avant d\u2019atteindre le point d\u2019arriv\u00e9e. Ce qui leur permet de d\u00e9velopper leurs comp\u00e9tences et leur sens de cr\u00e9ativit\u00e9\u00bb,<\/em> a affirm\u00e9 Walid Machrouh, l\u2019un des cinq membres de l\u2019\u00e9quipe initiatrice du projet \u00abIbtikar\u00bb.<\/p>\n<p class=\"p1\">Ayant pu r\u00e9pondre aux probl\u00e9matiques locales en relation avec la petite enfance, les deux projets \u00abHealthy taste\u00bb et \u00abToyo\u00bb ont permis \u00e0 leurs \u00e9quipes de remporter respectivement la deuxi\u00e8me et la troisi\u00e8me places de cette sixi\u00e8me \u00e9tape. Les organisateurs ambitionnent \u00e0 travers cette comp\u00e9tition de mobiliser les jeunes dans un esprit d\u2019entrepreneuriat social et de faire \u00e9merger des id\u00e9es de projets innovants qui r\u00e9pondent \u00e0 des probl\u00e9matiques locales en relation avec la petite enfance. Concernant la sixi\u00e8me \u00e9tape de cet \u00e9v\u00e9nement, celle-ci a connu, \u00e0 l\u2019instar des 11 autres r\u00e9gions, la participation d\u2019une cinquantaine de jeunes ayant travaill\u00e9 en dix groupes pour \u00e9laborer des id\u00e9es de projets en relation avec la th\u00e9matique de la petite enfance. <em>\u00abL\u2019INDH ambitionne de cr\u00e9er une dynamique nationale et d\u2019associer les jeunes dans toutes les r\u00e9gions du Maroc \u00e0 apporter leurs contributions au d\u00e9veloppement de la petite enfance\u00bb<\/em>, selon les organisateurs.<\/p>\n<p class=\"p1\">Les dix \u00e9quipes participantes \u00e0 cette sixi\u00e8me \u00e9tape ont b\u00e9n\u00e9fici\u00e9 pendant trois jours d\u2019un encadrement et des formations acc\u00e9l\u00e9r\u00e9es (dans plusieurs disciplines : marketing, \u00e9laboration de mod\u00e8les d\u2019affaire, finance, \u2026) au Centre de renforcement des jeunes \u00e0 Mesnana.<\/p>\n<p>Auteur: Najat Fa\u00efssal<br \/>\n<a href=\"http:\/\/aujourdhui.ma\/economie\/1er-hackathon-du-developpement-humain-le-projet-ibtikar-remporte-letape-de-tanger\">Cliquez ici pour lire l&rsquo;article depuis sa source.<\/a><\/p>\n","protected":false},"excerpt":{"rendered":"<p>Une cinquantaine de jeunes a travaill\u00e9 sur la th\u00e9matique de la petite enfance Consid\u00e9r\u00e9e comme chef-lieu de la r\u00e9gion de Tanger-T\u00e9touan-Al Hoceima, la ville du d\u00e9troit a \u00e9t\u00e9 la sixi\u00e8me \u00e9tape du premier hackathon (comp\u00e9tition d\u2019id\u00e9es de projets sur le th\u00e8me de la petite enfance), dont la c\u00e9r\u00e9monie de cl\u00f4ture a \u00e9t\u00e9 marqu\u00e9e, samedi 20 [&hellip;]<\/p>\n","protected":false},"author":1759,"featured_media":0,"comment_status":"closed","ping_status":"closed","sticky":false,"template":"","format":"standard","meta":{"fifu_image_url":"","fifu_image_alt":"","footnotes":""},"categories":[73,54],"tags":[],"class_list":["post-47686","post","type-post","status-publish","format-standard","hentry","category-actualite","category-maroc"],"_links":{"self":[{"href":"https:\/\/linitiative.ca\/International\/wp-json\/wp\/v2\/posts\/47686","targetHints":{"allow":["GET"]}}],"collection":[{"href":"https:\/\/linitiative.ca\/International\/wp-json\/wp\/v2\/posts"}],"about":[{"href":"https:\/\/linitiative.ca\/International\/wp-json\/wp\/v2\/types\/post"}],"author":[{"embeddable":true,"href":"https:\/\/linitiative.ca\/International\/wp-json\/wp\/v2\/users\/1759"}],"replies":[{"embeddable":true,"href":"https:\/\/linitiative.ca\/International\/wp-json\/wp\/v2\/comments?post=47686"}],"version-history":[{"count":0,"href":"https:\/\/linitiative.ca\/International\/wp-json\/wp\/v2\/posts\/47686\/revisions"}],"wp:attachment":[{"href":"https:\/\/linitiative.ca\/International\/wp-json\/wp\/v2\/media?parent=47686"}],"wp:term":[{"taxonomy":"category","embeddable":true,"href":"https:\/\/linitiative.ca\/International\/wp-json\/wp\/v2\/categories?post=47686"},{"taxonomy":"post_tag","embeddable":true,"href":"https:\/\/linitiative.ca\/International\/wp-json\/wp\/v2\/tags?post=47686"}],"curies":[{"name":"wp","href":"https:\/\/api.w.org\/{rel}","templated":true}]}}