{"id":47687,"date":"2019-07-22T10:50:31","date_gmt":"2019-07-22T14:50:31","guid":{"rendered":"https:\/\/linitiative.ca\/International\/adil-bourichi-nous-mettrons-en-place-une-charte-deontologique-entre-business-angels-et-start-up\/"},"modified":"2019-07-22T10:50:31","modified_gmt":"2019-07-22T14:50:31","slug":"adil-bourichi-nous-mettrons-en-place-une-charte-deontologique-entre-business-angels-et-start-up","status":"publish","type":"post","link":"https:\/\/linitiative.ca\/International\/adil-bourichi-nous-mettrons-en-place-une-charte-deontologique-entre-business-angels-et-start-up\/","title":{"rendered":"Adil Bourichi : \u00abNous mettrons en place une charte d\u00e9ontologique entre business angels et start-up\u00bb"},"content":{"rendered":"<p><img decoding=\"async\" class=\"post_layout_5_img\" src=\"http:\/\/aujourdhui.ma\/wp-content\/uploads\/2019\/07\/Adil-Bourichi-SG-du-Moroccan-Business-Angels-Network-Moban-.jpg?x29840\" alt=\"Adil Bourichi : \u00abNous mettrons en place une charte d\u00e9ontologique entre business angels et start-up\u00bb\"\/><\/p>\n<p class=\"p1\"><span class=\"c4\"><strong><em>Entretien avec<\/em> Adil Bourichi, <em>SG du Moroccan Business Angels Network (Moban)<\/em><\/strong><\/span><span id=\"more-315529\"\/><\/p>\n<p class=\"p1\"><span class=\"s1\"><strong>ALM\u00a0: Le Moroccan Business Angels Network a \u00e9t\u00e9 r\u00e9cemment cr\u00e9\u00e9. Quelles sont les motivations qui vous ont pouss\u00e9 \u00e0 mettre en place ce r\u00e9seau\u00a0?<\/strong><\/span><\/p>\n<p class=\"p1\"><span class=\"s1\"><strong>Adil Bourichi\u00a0:<\/strong> La raison principale est la volont\u00e9 de regrouper les investisseurs providentiels qui op\u00e9raient chacun de son c\u00f4t\u00e9 au sein d\u2019une m\u00eame association et de pouvoir f\u00e9d\u00e9rer les efforts et l\u2019expertise de tout un chacun afin de pouvoir avancer dans ce domaine. Notre ambition est de travailler en synergie entre business angels marocains, mutualiser les risques, partager nos exp\u00e9riences, b\u00e9n\u00e9ficier des appuis de la CCG, la GIZ et autres partenaires et bien entendu de pouvoir n\u00e9gocier avec les diff\u00e9rentes parties prenantes de meilleures conditions d\u2019investissement.<\/span><\/p>\n<p class=\"p1\"><span class=\"s1\"><strong>Comment le Moban contribuera-t-il \u00e0 d\u00e9velopper le \u00abbusiness angeling\u00bb au Maroc?<\/strong><\/span><\/p>\n<p class=\"p1\"><span class=\"s1\">Je dirais par son r\u00f4le actif dans la tenue de rencontres r\u00e9guli\u00e8res avec les entrepreneurs pour investir dans les start-up innovantes et \u00e0 mettre en place une plate-forme de match making entre investisseurs potentiels et start-up. Notre objectif est de diffuser le maximum d\u2019informations sur les acteurs de l\u2019\u00e9cosyst\u00e8me de l\u2019investissement en amor\u00e7age au Maroc. Nous \u0153uvrerons \u00e9galement \u00e0 mettre en place une charte d\u00e9ontologique entre business angels et start-up. Nos comptons former les membres r\u00e9guli\u00e8rement sur les bonnes pratiques du business angeling en s\u2019appuyant sur les exp\u00e9riences des partenaires europ\u00e9ens, africains-moyen-orientaux et am\u00e9ricains.<\/span><\/p>\n<p class=\"p1\"><span class=\"s1\"><strong>Quels sont les objectifs que\u00a0<\/strong><\/span><span class=\"s1\"><strong>vous vous \u00eates fix\u00e9s pour\u00a0<\/strong><\/span><span class=\"s1\"><strong>ce d\u00e9marrage\u00a0?<\/strong><\/span><\/p>\n<p class=\"p1\"><span class=\"s1\">La premi\u00e8re des choses est de f\u00e9d\u00e9rer une quinzaine de business angels actifs au sein de Moban et tenir une s\u00e9ance de Venture Academy par trimestre. De m\u00eame, nous nous sommes fix\u00e9 l\u2019objectif d\u2019organiser r\u00e9guli\u00e8rement des rencontres avec les entrepreneurs porteurs de projets et drainer le maximum de deal flow ainsi que d\u2019apporter le maximum de soutien et de conseils \u00e0 nos membres, et ce gr\u00e2ce \u00e0 la synergie de toutes les expertises des business angels ainsi qu\u2019\u00e0 celles apport\u00e9es par nos diff\u00e9rents partenaires .<\/span><\/p>\n<p class=\"p1\"><span class=\"s1\"><strong>L\u2019acc\u00e8s au financement est l\u2019un des obstacles auxquels sont confront\u00e9s les jeunes porteurs de projets. Comment comptez-vous les accompagner pour relever ce challenge\u00a0?<\/strong><\/span><\/p>\n<p class=\"p1\"><span class=\"s1\">Le financement passera d\u2019abord par les fonds propres des business angels membres. Nous comptons en outre recourir au co-investissement de la CCG. L\u2019id\u00e9e \u00e9tant de mener ces start-up \u00e0 se d\u00e9velopper suffisamment pour int\u00e9resser les fonds de capital risque.<\/span><\/p>\n<p>Auteur: Kawtar Tali<br \/>\n<a href=\"http:\/\/aujourdhui.ma\/economie\/adil-bourichi-nous-mettrons-en-place-une-charte-deontologique-entre-business-angels-et-start-up\">Cliquez ici pour lire l&rsquo;article depuis sa source.<\/a><\/p>\n","protected":false},"excerpt":{"rendered":"<p>Entretien avec Adil Bourichi, SG du Moroccan Business Angels Network (Moban) ALM\u00a0: Le Moroccan Business Angels Network a \u00e9t\u00e9 r\u00e9cemment cr\u00e9\u00e9. Quelles sont les motivations qui vous ont pouss\u00e9 \u00e0 mettre en place ce r\u00e9seau\u00a0? Adil Bourichi\u00a0: La raison principale est la volont\u00e9 de regrouper les investisseurs providentiels qui op\u00e9raient chacun de son c\u00f4t\u00e9 au [&hellip;]<\/p>\n","protected":false},"author":1759,"featured_media":0,"comment_status":"closed","ping_status":"closed","sticky":false,"template":"","format":"standard","meta":{"fifu_image_url":"","fifu_image_alt":"","footnotes":""},"categories":[73,54],"tags":[],"class_list":["post-47687","post","type-post","status-publish","format-standard","hentry","category-actualite","category-maroc"],"_links":{"self":[{"href":"https:\/\/linitiative.ca\/International\/wp-json\/wp\/v2\/posts\/47687","targetHints":{"allow":["GET"]}}],"collection":[{"href":"https:\/\/linitiative.ca\/International\/wp-json\/wp\/v2\/posts"}],"about":[{"href":"https:\/\/linitiative.ca\/International\/wp-json\/wp\/v2\/types\/post"}],"author":[{"embeddable":true,"href":"https:\/\/linitiative.ca\/International\/wp-json\/wp\/v2\/users\/1759"}],"replies":[{"embeddable":true,"href":"https:\/\/linitiative.ca\/International\/wp-json\/wp\/v2\/comments?post=47687"}],"version-history":[{"count":0,"href":"https:\/\/linitiative.ca\/International\/wp-json\/wp\/v2\/posts\/47687\/revisions"}],"wp:attachment":[{"href":"https:\/\/linitiative.ca\/International\/wp-json\/wp\/v2\/media?parent=47687"}],"wp:term":[{"taxonomy":"category","embeddable":true,"href":"https:\/\/linitiative.ca\/International\/wp-json\/wp\/v2\/categories?post=47687"},{"taxonomy":"post_tag","embeddable":true,"href":"https:\/\/linitiative.ca\/International\/wp-json\/wp\/v2\/tags?post=47687"}],"curies":[{"name":"wp","href":"https:\/\/api.w.org\/{rel}","templated":true}]}}