{"id":47688,"date":"2019-07-22T11:45:36","date_gmt":"2019-07-22T15:45:36","guid":{"rendered":"https:\/\/linitiative.ca\/International\/lectures-dete-2019\/"},"modified":"2019-07-22T11:45:36","modified_gmt":"2019-07-22T15:45:36","slug":"lectures-dete-2019","status":"publish","type":"post","link":"https:\/\/linitiative.ca\/International\/lectures-dete-2019\/","title":{"rendered":"Lectures d\u2019\u00e9t\u00e9 2019"},"content":{"rendered":"<p class=\"c4\"><span class=\"c3\"><strong><span class=\"c2\">C\u2019<\/span><\/strong>est la saison estivale. Certes, il faut profiter davantage de ses vacances, du soleil, de la mer, du repos ou encore du montage, mais une bonne lecture ne fera que du bien. Pour cet \u00e9t\u00e9, la maison d\u2019\u00e9dition Gallimard propose \u00e0 ses lectrices et lecteurs, une s\u00e9lection de livres \u00e0 glisser dans leurs valises pendant cette p\u00e9riode de l\u2019ann\u00e9e.\u00a0 Dans le floril\u00e8ge de publications de la prestigieuse maison d\u2019\u00e9dition figure \u00abLes sept mariages d\u2019Edgar et Ludmilla\u00bb, un\u00a0 roman de \u00a0Jean Christophe Rufin\u00a0 paru en 2019 dans la Collection Blanche. Le roman relate \u00e0 cet effet l\u2019histoire de deux personnages principaux\u00a0: Edgar et Ludmilla.<\/span><\/p>\n<p class=\"c4\">C\u2019est en fait\u00a0 \u00able mariage sans fin d\u2019un aventurier charmeur, un brin escroc, et d\u2019une exil\u00e9e un peu \u00abperch\u00e9e\u00bb, devenue une sublime cantatrice acclam\u00e9e sur toutes les sc\u00e8nes d\u2019op\u00e9ra du monde. Pour eux, c\u2019\u00e9tait en somme :\u00a0\u00abni avec toi, ni sans toi\u00bb. \u00c0 cause de cette impossibilit\u00e9, ils ont invent\u00e9 une autre mani\u00e8re de s\u2019aimer. Pour tenter de percer leur myst\u00e8re, je les ai suivi partout, de Russie jusqu\u2019en Am\u00e9rique, du Maroc \u00e0 l\u2019Afrique du Sud. J\u2019ai consult\u00e9 les archives et reconstitu\u00e9 les \u00e9tapes de leur vie pendant un demi-si\u00e8cle palpitant, de l\u2019apr\u00e8s-guerre jusqu\u2019aux ann\u00e9es 2000. Surtout, je suis le seul \u00e0 avoir recueilli leurs confidences, au point de savoir \u00e0 peu pr\u00e8s tout sur eux\u00bb, souligne l\u2019auteur qui a suivi les pas de ses personnages en qu\u00eate de leur histoire.<\/p>\n<p class=\"c4\">\u00abLa photographe\u00bb de Diane Ch\u00e2teau Alaberdina.\u00a0 Dans ce premier\u00a0 roman de l\u2019auteur,\u00a0 elle \u00e9voque dans une \u00e9criture romanesque discr\u00e8te, un tas de questions relatives \u00e0 l\u2019exil, l\u2019identit\u00e9, la question du corps et de la chair, du couple\u2026 \u00e0 travers ses personnages\u00a0 Lud et son fr\u00e8re, un p\u00e8re photoreporter de guerre travaillant en catimini, ainsi que Agafonova l\u2019\u00e9crivaine russe du caf\u00e9 de la diaspora slave \u00e0 Paris, L\u2019Archipel et Taisiya sa fille qui est devenue mod\u00e8le pour Lud.<\/p>\n<p class=\"c4\">Une histoire dans l\u2019histoire complexe d\u2019une femme, des femmes \u00e0 la qu\u00eate d\u2019une existence diff\u00e9rente, parfois \u00e9trange. \u00abElle \u00e9tait grande. Elle donnait cette impression d\u2019\u00eatre \u00e9tir\u00e9e, son visage majestueusement ancr\u00e9 sur son cou. Elle me faisait penser \u00e0 ces femmes russes que l\u2019on trouve dans les magazines \u00e0 deux euros dans les kiosques. Pendant un instant, j\u2019ai eu envie de prendre sa place. De savoir ce que cela faisait d\u2019\u00eatre une autre femme, avec cette voix monotone et ces yeux d\u2019une incomparable tristesse\u00bb, explique l\u2019auteur du\u00a0 roman. Parmi les nouveaut\u00e9s\u00a0 cet \u00e9t\u00e9 figure le roman de\u00a0\u00a0 Philippe Djian\u00a0 \u00abLes In\u00e9quitables\u00bb sorti dans la collection blanche.<\/p>\n<p class=\"c4\">En fait, c\u2019est l\u2019histoire de Diana qui se remet progressivement de la mort de son mari Patrick il y a tout juste un an qui a \u00e9t\u00e9 mise en lumi\u00e8re dans ce roman. Ainsi, les personnages \u00e0 savoir\u00a0 Marc, le fr\u00e8re de Patrick, vit chez elle pour veiller sur sa sant\u00e9 et sa s\u00e9curit\u00e9. \u00abMais la d\u00e9couverte fortuite par Marc de trois paquets de drogue \u00e9chou\u00e9s sur la plage vient soudain bousculer ce lent retour \u00e0 la vie. D\u00e9cid\u00e9 \u00e0 revendre la marchandise, Marc s\u2019adresse au fr\u00e8re a\u00een\u00e9 de Diana, avec qui elle entretient de tr\u00e8s mauvaises relations. Et les ennuis s\u2019encha\u00eenent aussit\u00f4t. \u00abAu fil des \u00e9v\u00e9nements,\u00a0 les couples se trahissent, les amiti\u00e9s se d\u00e9font, l\u2019amour flirte avec le meurtre, et, au milieu de ce vaste d\u00e9r\u00e8glement, naissent bient\u00f4t de nouveaux sentiments. \u00abschmock\u00bb est l\u2019intitul\u00e9 du\u00a0 nouveau roman du romancier Franz Olivier Giesbert paru mi-mai dernier dans la collection blanche.<\/p>\n<p class=\"c4\">\u00abJ\u2019\u00e9cris des romans pour raconter des histoires. Depuis longtemps, j\u2019en avais une qui me courait dans la t\u00eate et qui se d\u00e9roulait dans l\u2019Allemagne nazie du si\u00e8cle dernier, en Bavi\u00e8re. Une histoire d\u2019amour, d\u2019amiti\u00e9\u00bb, a-t-il r\u00e9v\u00e9l\u00e9 \u00e0\u00a0 son lecteur et les amoureux de son \u00e9criture. Dans son roman, Franz Olivier Giesbert braque les projecteurs sur l\u2019\u00e9poque o\u00f9\u00a0 le nazisme \u00abtriomphait\u00bb. Malgr\u00e9 toutes mes lectures sur la p\u00e9riode hitl\u00e9rienne, je n\u2019ai jamais r\u00e9ussi \u00e0 comprendre pourquoi tant d\u2019Allemands \u00abbien\u00bb, respectables, avaient pris \u00e0 la l\u00e9g\u00e8re la mont\u00e9e du nazisme tandis que les Juifs tardaient \u00e9trangement \u00e0 fuir. Par quelle aberration, \u00e0 cause de quelles complaisances, quelles l\u00e2chet\u00e9s, le nazisme fut-il possible? Qu\u2019\u00e9tait-il arriv\u00e9 \u00e0 ce grand pays de musiciens, de philosophes et de po\u00e8tes? Ces questions-l\u00e0 n\u2019ont jamais cess\u00e9 de me hanter\u00bb, a-t-il soulign\u00e9.<\/p>\n<p class=\"c4\">Pour rapprocher un peu le lecteur de cette \u00e9poque,\u00a0\u00a0 il plonge dans l\u2019histoire des personnages\u00a0 \u00c9lie, Elsa, Lila, Karl et bien d\u2019autres\u2026 \u00e0 travers leurs yeux de chaque protagoniste.<\/p>\n<p class=\"c4\">\u00abApr\u00e8s tout, il n\u2019y a que les fous pour tenter de r\u00e9pondre \u00e0 ce genre de questions, les fous ou les personnages de roman.\u00bb, souligne l\u2019auteur de\u00a0 \u00abLe schmock\u00bb.<\/p>\n<p class=\"c5\"><strong>M.N.Y<\/strong><\/p>\n<p>Auteur: M&rsquo;hammed rahal<br \/>\n<a href=\"http:\/\/albayane.press.ma\/lectures-dete-2019.html\">Cliquez ici pour lire l&rsquo;article depuis sa source.<\/a><\/p>\n","protected":false},"excerpt":{"rendered":"<p>C\u2019est la saison estivale. Certes, il faut profiter davantage de ses vacances, du soleil, de la mer, du repos ou encore du montage, mais une bonne lecture ne fera que du bien. Pour cet \u00e9t\u00e9, la maison d\u2019\u00e9dition Gallimard propose \u00e0 ses lectrices et lecteurs, une s\u00e9lection de livres \u00e0 glisser dans leurs valises pendant [&hellip;]<\/p>\n","protected":false},"author":1760,"featured_media":0,"comment_status":"closed","ping_status":"closed","sticky":false,"template":"","format":"standard","meta":{"fifu_image_url":"","fifu_image_alt":"","footnotes":""},"categories":[73,54],"tags":[],"class_list":["post-47688","post","type-post","status-publish","format-standard","hentry","category-actualite","category-maroc"],"_links":{"self":[{"href":"https:\/\/linitiative.ca\/International\/wp-json\/wp\/v2\/posts\/47688","targetHints":{"allow":["GET"]}}],"collection":[{"href":"https:\/\/linitiative.ca\/International\/wp-json\/wp\/v2\/posts"}],"about":[{"href":"https:\/\/linitiative.ca\/International\/wp-json\/wp\/v2\/types\/post"}],"author":[{"embeddable":true,"href":"https:\/\/linitiative.ca\/International\/wp-json\/wp\/v2\/users\/1760"}],"replies":[{"embeddable":true,"href":"https:\/\/linitiative.ca\/International\/wp-json\/wp\/v2\/comments?post=47688"}],"version-history":[{"count":0,"href":"https:\/\/linitiative.ca\/International\/wp-json\/wp\/v2\/posts\/47688\/revisions"}],"wp:attachment":[{"href":"https:\/\/linitiative.ca\/International\/wp-json\/wp\/v2\/media?parent=47688"}],"wp:term":[{"taxonomy":"category","embeddable":true,"href":"https:\/\/linitiative.ca\/International\/wp-json\/wp\/v2\/categories?post=47688"},{"taxonomy":"post_tag","embeddable":true,"href":"https:\/\/linitiative.ca\/International\/wp-json\/wp\/v2\/tags?post=47688"}],"curies":[{"name":"wp","href":"https:\/\/api.w.org\/{rel}","templated":true}]}}