{"id":47690,"date":"2019-07-22T05:49:53","date_gmt":"2019-07-22T09:49:53","guid":{"rendered":"https:\/\/linitiative.ca\/International\/une-dynamique-au-diapason-des-mutations\/"},"modified":"2019-07-22T05:49:53","modified_gmt":"2019-07-22T09:49:53","slug":"une-dynamique-au-diapason-des-mutations","status":"publish","type":"post","link":"https:\/\/linitiative.ca\/International\/une-dynamique-au-diapason-des-mutations\/","title":{"rendered":"Une dynamique au diapason des mutations!"},"content":{"rendered":"<p class=\"c4\"><span class=\"c3\"><strong><span class=\"c2\">A<\/span> une cadence s\u00fbre et acc\u00e9l\u00e9r\u00e9e, le Centre\u00a0 de la R\u00e9gion\u00a0 d\u2019Investissement Souss Massa (CRI) met les bouch\u00e9es doubles, dans le sillage de l\u2019\u00e9lan salutaire que conna\u00eet actuellement la zone, parfaite synergie avec les diff\u00e9rents partenaires.<\/strong><\/span><\/p>\n<p class=\"c4\">Apr\u00e8s la d\u00e9clinaison r\u00e9gionale du plan de l\u2019acc\u00e9l\u00e9ration industrielle lanc\u00e9e par le Souverain, il y a tout juste quelques temps, le CRI multiplie cet entrain d\u2019envergure pour aligner la r\u00e9gion dans la cour des grands du royaume. Progressivement, la capitale du sud en v\u00e9ritable locomotive satellite de progr\u00e8s de haute gamme, est constamment soumise \u00e0 des innovations de haute facture, en vue de relever son statut de p\u00f4le \u00e9conomique de premier rang. Sous la houlette du Wali de la r\u00e9gion, on proc\u00e8dera aujourd\u2019hui, lundi dans l\u2019imposant espace logistique de plate-formes d\u00e9di\u00e9es \u00e0 cette \u00e9bauche, au lancement de la commercialisation de la troisi\u00e8me tranche de l\u2019Agrop\u00f4le Souss Massa et \u00e0 l\u2019inauguration de\u00a0 la nouvelle annexe du CRI au niveau du Parc Industriel Haliopolis.<\/p>\n<p class=\"c4\">Apr\u00e8s l\u2019implantation, en 2003 de sa premi\u00e8re annexe \u00e0 la province d\u2019 Ouarzazate, puis \u00e0 Taroudant et Tiznit en 2011, et derni\u00e8rement \u00e0 Tata le 27 Avril 2017,\u00a0 le Centre R\u00e9gional d\u2019Investissement de Souss Massa se lance, sans rel\u00e2che, dans sa strat\u00e9gie de proximit\u00e9 pour faire fonctionner sa nouvelle annexe au niveau du guichet unique instaur\u00e9 au Parc Haliopolis \u00e0 Drarga. Dans un souci permanent de s\u2019\u00e9riger en fid\u00e8le pourvoyeur de service en direction des op\u00e9rateurs \u00e9conomiques, le CRI de Souss Massa ambitionne ainsi, \u00e0 impulser davantage\u00a0 ses atouts majeurs d\u2019offres de nature \u00e0 tenir compagnes aux investisseurs \u00e0 la recherche de domiciliation idoine dans les zones d\u2019industrie\u00a0 dignement mont\u00e9es\u00a0 \u00e0 la commune rurale de Drarga, ainsi que la zone franche Souss Massa dont les travaux de la premi\u00e8re tranche furent entam\u00e9s.<\/p>\n<p class=\"c4\">En vue de mettre les services du CRI \u00e0 port\u00e9e de main, cette nouvelle annexe s\u2019att\u00e8lera \u00e0 accompagner \u00e9troitement les porteurs de projets industriels, en mati\u00e8re de l\u2019accueil, du conseil, de l\u2019orientation, du traitement des dossiers d\u2019investissement pour l\u2019octroi des autorisations n\u00e9cessaires\u2026 il s\u2019agira aussi de les mettre en rapport avec les organismes de financement dans le but de soutenir leur projet investissement et de c\u00f4toyer de visu et valoriser l\u2019\u00e9tat\u00a0 de progression et d\u2019ex\u00e9cution des projets en construction. A ce propos, le CRI Souss Massa et la Soci\u00e9t\u00e9 Haliopolis ont paraph\u00e9 un accord selon lequel le centre se dote de locaux am\u00e9nag\u00e9s et \u00e9quip\u00e9s de moyens techniques, \u00e0 m\u00eame de faire valoir sa mission, \u00e0 l\u2019adresse des investisseurs et au potentiel du\u00a0 plan d\u2019acc\u00e9l\u00e9ration industrielle.<\/p>\n<p class=\"c4\">Dans la m\u00eame optique, le cort\u00e8ge en visite du chantier amorce le coup d\u2019envoi de la troisi\u00e8me tranche de l\u2019Agropole Souss Massa, mis sur orbite \u00e0 partir d\u2019une superficie de pr\u00e8s de 14 hectares. Il est donc question de la commercialisation de 51 lots \u00e0 vocation industrielle, destin\u00e9e \u00e0 l\u2019agroalimentaire. Il est \u00e0 noter \u00e9galement que le Parc Haliopolis tend \u00e0 vivifier la strat\u00e9gie de d\u00e9veloppement de la R\u00e9gion du Souss-Massa, du fait qu\u2019il s\u2019ins\u00e8re dans le cadre de l\u2019instauration de p\u00f4les de comp\u00e9titivit\u00e9 sp\u00e9cialis\u00e9s. Il offre un \u00e9ventail\u00a0 diversifi\u00e9 de services et s\u2019\u00e9tend sur une superficie totale de plus de 150 ha, avec un investissement global de 6,6 milliards dirhams, pouvant \u00e0 terme, g\u00e9n\u00e9rer plus de 20.000 emplois. 75 Ha de cette superficie est d\u00e9di\u00e9e aujourd\u2019hui \u00e0 l\u2019Agrop\u00f4le Souss Massa et compl\u00e9tera l\u2019offre du Parc dans l\u2019industrie agroalimentaire.<\/p>\n<p class=\"c4\">Enfin, la mise en valeur du Parc Industriel Haliopolis a \u00e9t\u00e9 d\u00e9j\u00e0 mise \u00e0 contribution, avec 7 acqu\u00e9reurs qui ont achev\u00e9s leurs chantiers et d\u00e9marrent leurs activit\u00e9s, et 16 chantiers sont en cours dont 11 pr\u00e9voient leurs ouverture au 2\u00e8me semestre de cette ann\u00e9e. Pour ce qui est de l\u2019Agrop\u00f4le, notamment la premi\u00e8re et deuxi\u00e8me tranche, 9 acqu\u00e9reurs ont d\u00e9marr\u00e9 leur chantiers dont 4 pr\u00e9voient leur ouverture \u00e0 la fin de l\u2019ann\u00e9e en cours. En parall\u00e8le, on lancera deux nouvelles unit\u00e9s qui d\u00e9marreront leur activit\u00e9 au Parc Haliopolis, il s\u2019agit de, en fait, de la soci\u00e9t\u00e9 SUD FRACLIM, sp\u00e9cialis\u00e9e dans le froid industriel et la climatisation centrale, pour un investissement de pr\u00e8s de 15,4 MDH et 85 emplois et la soci\u00e9t\u00e9 RICHBOND LOGISTICS, sp\u00e9cialis\u00e9e dans la logistique, la location et la mise \u00e0 disposition de locaux \u00e9quip\u00e9s. Cet investissement a co\u00fbt\u00e9 pr\u00e8s de 46,7 MDH et programme d\u2019employer\u00a0 pr\u00e8s de 30 emplois.<\/p>\n<p class=\"c5\"><strong>Saoudi El Amalki<\/strong><\/p>\n<p>Auteur: M&rsquo;hammed rahal<br \/>\n<a href=\"http:\/\/albayane.press.ma\/une-dynamique-au-diapason-des-mutations.html\">Cliquez ici pour lire l&rsquo;article depuis sa source.<\/a><\/p>\n","protected":false},"excerpt":{"rendered":"<p>A une cadence s\u00fbre et acc\u00e9l\u00e9r\u00e9e, le Centre\u00a0 de la R\u00e9gion\u00a0 d\u2019Investissement Souss Massa (CRI) met les bouch\u00e9es doubles, dans le sillage de l\u2019\u00e9lan salutaire que conna\u00eet actuellement la zone, parfaite synergie avec les diff\u00e9rents partenaires. Apr\u00e8s la d\u00e9clinaison r\u00e9gionale du plan de l\u2019acc\u00e9l\u00e9ration industrielle lanc\u00e9e par le Souverain, il y a tout juste quelques [&hellip;]<\/p>\n","protected":false},"author":1760,"featured_media":0,"comment_status":"closed","ping_status":"closed","sticky":false,"template":"","format":"standard","meta":{"fifu_image_url":"","fifu_image_alt":"","footnotes":""},"categories":[73,54],"tags":[],"class_list":["post-47690","post","type-post","status-publish","format-standard","hentry","category-actualite","category-maroc"],"_links":{"self":[{"href":"https:\/\/linitiative.ca\/International\/wp-json\/wp\/v2\/posts\/47690","targetHints":{"allow":["GET"]}}],"collection":[{"href":"https:\/\/linitiative.ca\/International\/wp-json\/wp\/v2\/posts"}],"about":[{"href":"https:\/\/linitiative.ca\/International\/wp-json\/wp\/v2\/types\/post"}],"author":[{"embeddable":true,"href":"https:\/\/linitiative.ca\/International\/wp-json\/wp\/v2\/users\/1760"}],"replies":[{"embeddable":true,"href":"https:\/\/linitiative.ca\/International\/wp-json\/wp\/v2\/comments?post=47690"}],"version-history":[{"count":0,"href":"https:\/\/linitiative.ca\/International\/wp-json\/wp\/v2\/posts\/47690\/revisions"}],"wp:attachment":[{"href":"https:\/\/linitiative.ca\/International\/wp-json\/wp\/v2\/media?parent=47690"}],"wp:term":[{"taxonomy":"category","embeddable":true,"href":"https:\/\/linitiative.ca\/International\/wp-json\/wp\/v2\/categories?post=47690"},{"taxonomy":"post_tag","embeddable":true,"href":"https:\/\/linitiative.ca\/International\/wp-json\/wp\/v2\/tags?post=47690"}],"curies":[{"name":"wp","href":"https:\/\/api.w.org\/{rel}","templated":true}]}}