{"id":47691,"date":"2019-07-22T06:05:47","date_gmt":"2019-07-22T10:05:47","guid":{"rendered":"https:\/\/linitiative.ca\/International\/un-vibrant-hommage-rendu-a-hussein-chaabi-par-la-ville-de-laayoune\/"},"modified":"2019-07-22T06:05:47","modified_gmt":"2019-07-22T10:05:47","slug":"un-vibrant-hommage-rendu-a-hussein-chaabi-par-la-ville-de-laayoune","status":"publish","type":"post","link":"https:\/\/linitiative.ca\/International\/un-vibrant-hommage-rendu-a-hussein-chaabi-par-la-ville-de-laayoune\/","title":{"rendered":"Un vibrant hommage rendu \u00e0 Husse\u00efn Cha\u00e2bi par la ville de La\u00e2youne"},"content":{"rendered":"<p class=\"c3\"><span class=\"c2\"><strong>Festival international des arts de la rue<\/strong><\/span><\/p>\n<p class=\"c5\"><span class=\"c4\"><strong><span class=\"c2\">L<\/span>a ville de La\u00e2youne a rendu un vibrant hommage, samedi 20 juillet, au journaliste et c\u00e9l\u00e8bre dramaturge Hussein Cha\u00e2bi. C\u2019est \u00e0 l\u2019occasion de la 4 e \u00e9dition du Festival international des arts de la rue qui se d\u00e9roule du 20 au 23 juillet que ce geste a \u00e9t\u00e9 pos\u00e9. La c\u00e9r\u00e9monie d\u2019hommage a eu lieu au Palais des congr\u00e8s, lors de l\u2019inauguration du Festival, en pr\u00e9sence de plusieurs personnalit\u00e9s artistiques repr\u00e9sentant les provinces du sud, des \u00e9lus locaux et acteurs de la soci\u00e9t\u00e9 civile.<\/strong><\/span><\/p>\n<p class=\"c5\">A cette occasion, il a \u00e9t\u00e9 proc\u00e9d\u00e9 \u00e0 la signature de l\u2019ouvrage collectif, \u00abHussein Cha\u00e2bi\u2026 Les cl\u00e9s de la reconnaissance\u00bb, \u00e9dit\u00e9 par le Centre international des \u00e9tudes du spectacle, r\u00e9alis\u00e9 sous le l\u2019\u00e9gide du dramaturge Mohamed Kaouti. En fait, l\u2019ouvrage apporte un\u00a0 \u00e9clairage sur le parcours remarquable et distingu\u00e9 de l\u2019artiste et se veut aussi\u00a0 une contribution \u00e0 l\u2019ensemble de ses travaux pour le d\u00e9veloppement du 6 e art au Maroc.<\/p>\n<p class=\"c5\">Dramaturge engag\u00e9, Hussein Ch\u00e2abi fait partie de ceux qui croient fermement \u00e0 l\u2019id\u00e9e que l\u2019art du th\u00e9\u00e2tre est synonyme d\u2019engagement et porteur de sens. Comme quoi,\u00a0 la pi\u00e8ce th\u00e9\u00e2trale, outre son aspect spectaculaire, doit avoir pour finalit\u00e9 la conscientisation des spectateurs, loin de toute platitude ou connotation mercantiliste. D\u2019ailleurs, beaucoup de ses \u0153uvres illustrent parfaitement cette orientation, comme ce fut le cas de la pi\u00e8ce th\u00e9\u00e2trale, plac\u00e9e sous le th\u00e8me\u00a0: \u00abSaroute\u00bb et qui fut\u00a0 inspir\u00e9e des audiences publiques organis\u00e9es par l\u2019Instance \u00e9quit\u00e9 et r\u00e9conciliation (IER).<\/p>\n<p class=\"c5\">Il convient de souligner que l\u2019\u00e9crivain, amplement influenc\u00e9 par les t\u00e9moignages des familles des d\u00e9tenus et victimes des ann\u00e9es de plomb, a consacr\u00e9 tout son \u0153uvre \u00e0 cette th\u00e9matique en faisant de la non-r\u00e9p\u00e9tition des violations, son v\u00e9ritable cheval de bataille.\u00a0 Il faut dire que cette pi\u00e8ce th\u00e9\u00e2trale traite de la question du prisonnier politique avec une touche surr\u00e9aliste, conjugu\u00e9e \u00e0 l\u2019humour noir.<\/p>\n<p class=\"c5\">Husse\u00efn Cha\u00e2bi compte, aussi,\u00a0 \u00e0 son actif plusieurs\u00a0 productions th\u00e9\u00e2trales. Comme \u00abLawzia\u00e2\u00bb et autres \u00e9tudes critiques publi\u00e9es dans des magazines et revues marocaines et arabes. Pour l\u2019heure, l\u2019artiste consacre son temps \u00e0 un travail d\u00e9di\u00e9 \u00e0 la d\u00e9fense au droit de la vie et l\u2019abolition de la peine de mort.<\/p>\n<p class=\"c5\">Initi\u00e9e avec le soutien du minist\u00e8re de la Culture et de la Communication, le Festival international des arts de la rue a pour ambition de faire de la Place Al-Machouar un lieu de rencontre des artistes de rue en provenance de diff\u00e9rents pays, \u00e0 savoir l\u2019Espagne, l\u2019Argentine, l\u2019Italie, le Chili, le Portugal, outre des troupes artistiques nationales, indique un communiqu\u00e9 des organisateurs. Le Festival est organis\u00e9 par l\u2019Association Odyss\u00e9e pour la culture et l\u2019art, sous le Haut Patronage de SM le Roi Mohammed VI.<\/p>\n<p class=\"c5\">Cet \u00e9v\u00e8nement s\u2019inscrit\u00a0 \u00a0dans le cadre de la mise en \u0153uvre du volet culturel au titre du contrat-programme relatif au financement et \u00e0 la r\u00e9alisation des projets de d\u00e9veloppement int\u00e9gr\u00e9s de la r\u00e9gion de La\u00e2youne-Sakia El Hamra.<\/p>\n<p class=\"c5\">D\u2019apr\u00e8s la m\u00eame source, l\u2019\u00e9dition 2019 de cet \u00e9v\u00e8nement vise \u00e0 s\u2019ouvrir davantage \u00a0\u00e0 tous les arts de la rue: musique, graffiti, cirque, feu d\u2019artifice, acrobatie, statue vivante et th\u00e9\u00e2tre.<\/p>\n<p class=\"c5\">Elle a aussi pour objectif de promouvoir la culture hassanie en tant que patrimoine humain immat\u00e9riel riche et vari\u00e9 \u00e0 la faveur de l\u2019organisation de nombreuses activit\u00e9s.<\/p>\n<p class=\"c6\"><strong>Khalid Darfaf<\/strong><\/p>\n<p>Auteur: M&rsquo;hammed rahal<br \/>\n<a href=\"http:\/\/albayane.press.ma\/un-vibrant-hommage-rendu-a-hussein-chaabi-par-la-ville-de-laayoune.html\">Cliquez ici pour lire l&rsquo;article depuis sa source.<\/a><\/p>\n","protected":false},"excerpt":{"rendered":"<p>Festival international des arts de la rue La ville de La\u00e2youne a rendu un vibrant hommage, samedi 20 juillet, au journaliste et c\u00e9l\u00e8bre dramaturge Hussein Cha\u00e2bi. C\u2019est \u00e0 l\u2019occasion de la 4 e \u00e9dition du Festival international des arts de la rue qui se d\u00e9roule du 20 au 23 juillet que ce geste a \u00e9t\u00e9 [&hellip;]<\/p>\n","protected":false},"author":1760,"featured_media":0,"comment_status":"closed","ping_status":"closed","sticky":false,"template":"","format":"standard","meta":{"fifu_image_url":"","fifu_image_alt":"","footnotes":""},"categories":[73,54],"tags":[],"class_list":["post-47691","post","type-post","status-publish","format-standard","hentry","category-actualite","category-maroc"],"_links":{"self":[{"href":"https:\/\/linitiative.ca\/International\/wp-json\/wp\/v2\/posts\/47691","targetHints":{"allow":["GET"]}}],"collection":[{"href":"https:\/\/linitiative.ca\/International\/wp-json\/wp\/v2\/posts"}],"about":[{"href":"https:\/\/linitiative.ca\/International\/wp-json\/wp\/v2\/types\/post"}],"author":[{"embeddable":true,"href":"https:\/\/linitiative.ca\/International\/wp-json\/wp\/v2\/users\/1760"}],"replies":[{"embeddable":true,"href":"https:\/\/linitiative.ca\/International\/wp-json\/wp\/v2\/comments?post=47691"}],"version-history":[{"count":0,"href":"https:\/\/linitiative.ca\/International\/wp-json\/wp\/v2\/posts\/47691\/revisions"}],"wp:attachment":[{"href":"https:\/\/linitiative.ca\/International\/wp-json\/wp\/v2\/media?parent=47691"}],"wp:term":[{"taxonomy":"category","embeddable":true,"href":"https:\/\/linitiative.ca\/International\/wp-json\/wp\/v2\/categories?post=47691"},{"taxonomy":"post_tag","embeddable":true,"href":"https:\/\/linitiative.ca\/International\/wp-json\/wp\/v2\/tags?post=47691"}],"curies":[{"name":"wp","href":"https:\/\/api.w.org\/{rel}","templated":true}]}}