{"id":47692,"date":"2019-07-22T06:33:54","date_gmt":"2019-07-22T10:33:54","guid":{"rendered":"https:\/\/linitiative.ca\/International\/festival-des-huitres-de-qualidia\/"},"modified":"2019-07-22T06:33:54","modified_gmt":"2019-07-22T10:33:54","slug":"festival-des-huitres-de-qualidia","status":"publish","type":"post","link":"https:\/\/linitiative.ca\/International\/festival-des-huitres-de-qualidia\/","title":{"rendered":"Festival  des hu\u00eetres de Qualidia"},"content":{"rendered":"<p class=\"c4\"><span class=\"c3\"><strong><span class=\"c2\">L<\/span>a Festival des hu\u00eetres de Qualidia. C\u2019est d\u00e9sormais une tradition, un rituel annuel et un \u00e9v\u00e9nement artistique et \u00e9cologique phare. Il se tiendra cette ann\u00e9e du 26 juillet au 04 ao\u00fbt prochain.<\/strong><\/span><\/p>\n<p class=\"c4\">Organis\u00e9 par l\u2019association r\u00e9gionale des affaires culturelles, sociales et sportives sous la direction de la province de Sidi Bennour, cette manifestation culturelle, artistique et environnementale\u00a0 a pour but, soulignent les organisateurs dans un communiqu\u00e9\u00a0 de presse, de faire connaitre le potentiel et\u00a0 les opportunit\u00e9s touristiques, \u00e9cologiques et culturelles de la ville\u00a0: la valorisation de\u00a0 l\u2019aquaculture et de l\u2019ostr\u00e9iculture afin d\u2019en faire un levier de d\u00e9veloppement\u00a0 sous toutes ses facettes.<\/p>\n<p class=\"c4\">Ainsi, comme il est de coutume, la ville vibrera sur les rythmes d\u2019une programmation artistique et culturelle diverse et qui\u00a0 connaitra la participation d\u2019une belle brochette d\u2019artistes marocains\u00a0: Rachida Talal, Said Mouskir, Adil El Miloudi, Aicha Tachinwit, Ayoub Laabdi, Nimaa Labdia et Zarha Farah. Il convient de souligner que ce n\u2019est pas tout ! Pleines de surprises seront d\u2019actualit\u00e9\u00a0pendant cette \u00e9dition\u00a0: elle sera meubl\u00e9e par les danses et\u00a0 les chants des troupes folkloriques et artistiques, pr\u00e9cise la m\u00eame source. Il y aura \u00e9galement la pluralit\u00e9 et la richesse du patrimoine culturel et musical marocain, entre autres la troupe d\u2019Ahwach, Abidat Rma, la troupe de El A\u00efta Jabalia, la troupe de Jil El A\u00efta et bien d\u2019autres troupes locales.<\/p>\n<p class=\"c4\">Au-del\u00e0 de ce qui pr\u00e9c\u00e8de, des humoristes y seront \u00e9galement pour d\u00e9tendre davantage l\u2019atmosph\u00e8re durant le troisi\u00e8me jour du festival. \u00a0Le public trouvera son compte avec une pl\u00e9iade d\u2019humoristes importants\u00a0: Farid Dalias, Hanae Lamrini, le duo Khalid Zemmouri et Mohamed Albousati. De plus, des hommages seront \u00e9galement un temps fort de l\u2019\u00e9v\u00e8nement. A cette occasion, un vibrant\u00a0 hommage sera rendu \u00e0 l\u2019humoriste et com\u00e9dien, Abdelkhalek Fahid, en reconnaissance \u00e0 son parcours artistique.<\/p>\n<p class=\"c4\">Par ailleurs, les amoureux du Zajal et de la belle parole po\u00e9tique\u00a0 seront aussi au rendez-vous avec une soir\u00e9e qui\u00a0 sera marqu\u00e9e, par la participation d\u2019un bouquet de po\u00e8tes et des hommes et femmes du Zajal des quatre coins du pays. Pendant la p\u00e9riode du festival et estivale, la ville respirera l\u2019art et la culture \u00e0 travers des arts de la rue et des spectacles, une foire\u00a0 des produits de terroir et de l\u2019artisanat. Au-del\u00e0 du volet festif, Il y aura \u00e9galement une conf\u00e9rence. Elle portera son effigie sur \u00ables enjeux du d\u00e9veloppement durable de la fili\u00e8re ostr\u00e9icole \u00e0 Oualidia\u00bb.<\/p>\n<p class=\"c4\">Plusieurs acad\u00e9miciens, des chercheurs sp\u00e9cialistes en\u00a0 Aquaculture prendront part \u00e0 cette conf\u00e9rence. Cette derni\u00e8re sera une occasion de r\u00e9fl\u00e9chir davantage sur les possibilit\u00e9s\u00a0 de promouvoir le secteur de l\u2019ostr\u00e9iculture et la promotion de la r\u00e9gion. Un carnaval festif et color\u00e9 sera donn\u00e9 \u00e0 la magnifique \u00a0lagune de Oualidia au plaisir des yeux!<\/p>\n<p class=\"c5\"><strong>Mohamed Nait Youssef<\/strong><\/p>\n<p>Auteur: M&rsquo;hammed rahal<br \/>\n<a href=\"http:\/\/albayane.press.ma\/festival-des-huitres-de-qualidia.html\">Cliquez ici pour lire l&rsquo;article depuis sa source.<\/a><\/p>\n","protected":false},"excerpt":{"rendered":"<p>La Festival des hu\u00eetres de Qualidia. C\u2019est d\u00e9sormais une tradition, un rituel annuel et un \u00e9v\u00e9nement artistique et \u00e9cologique phare. Il se tiendra cette ann\u00e9e du 26 juillet au 04 ao\u00fbt prochain. Organis\u00e9 par l\u2019association r\u00e9gionale des affaires culturelles, sociales et sportives sous la direction de la province de Sidi Bennour, cette manifestation culturelle, artistique [&hellip;]<\/p>\n","protected":false},"author":1760,"featured_media":0,"comment_status":"closed","ping_status":"closed","sticky":false,"template":"","format":"standard","meta":{"fifu_image_url":"","fifu_image_alt":"","footnotes":""},"categories":[73,54],"tags":[],"class_list":["post-47692","post","type-post","status-publish","format-standard","hentry","category-actualite","category-maroc"],"_links":{"self":[{"href":"https:\/\/linitiative.ca\/International\/wp-json\/wp\/v2\/posts\/47692","targetHints":{"allow":["GET"]}}],"collection":[{"href":"https:\/\/linitiative.ca\/International\/wp-json\/wp\/v2\/posts"}],"about":[{"href":"https:\/\/linitiative.ca\/International\/wp-json\/wp\/v2\/types\/post"}],"author":[{"embeddable":true,"href":"https:\/\/linitiative.ca\/International\/wp-json\/wp\/v2\/users\/1760"}],"replies":[{"embeddable":true,"href":"https:\/\/linitiative.ca\/International\/wp-json\/wp\/v2\/comments?post=47692"}],"version-history":[{"count":0,"href":"https:\/\/linitiative.ca\/International\/wp-json\/wp\/v2\/posts\/47692\/revisions"}],"wp:attachment":[{"href":"https:\/\/linitiative.ca\/International\/wp-json\/wp\/v2\/media?parent=47692"}],"wp:term":[{"taxonomy":"category","embeddable":true,"href":"https:\/\/linitiative.ca\/International\/wp-json\/wp\/v2\/categories?post=47692"},{"taxonomy":"post_tag","embeddable":true,"href":"https:\/\/linitiative.ca\/International\/wp-json\/wp\/v2\/tags?post=47692"}],"curies":[{"name":"wp","href":"https:\/\/api.w.org\/{rel}","templated":true}]}}