{"id":47693,"date":"2019-07-22T06:41:07","date_gmt":"2019-07-22T10:41:07","guid":{"rendered":"https:\/\/linitiative.ca\/International\/proscrire-la-violence\/"},"modified":"2019-07-22T06:41:07","modified_gmt":"2019-07-22T10:41:07","slug":"proscrire-la-violence","status":"publish","type":"post","link":"https:\/\/linitiative.ca\/International\/proscrire-la-violence\/","title":{"rendered":"Proscrire la violence!"},"content":{"rendered":"<p class=\"c4\"><span class=\"c3\"><strong><span class=\"c2\">L<\/span>e crime crapuleux dont fut victime, il y a juste quelques jours, une trentenaire \u00e0 fleur de l\u2019\u00e2ge, par d\u2019odieux agresseurs, \u00e9branle le pays, toutes souches r\u00e9unies. La malheureuse fut violent\u00e9e, viol\u00e9e et abjectement d\u00e9flagr\u00e9e sans piti\u00e9 ni retenue.<\/strong><\/span><\/p>\n<p class=\"c4\">Une ignominie fl\u00e9trie qui ne dit pas son nom, une avanie inf\u00e2me qui d\u00e9passe toutes les limites imaginables. La jeune Hanane, tortur\u00e9e et abattue est \u00e0 pr\u00e9sent, comme tant d\u2019autres, une honte sur le front d\u2019un pays dit \u00e9mergent. Il n\u2019y a gu\u00e8re d\u2019aussi horrifiant dans notre soci\u00e9t\u00e9 o\u00f9 la stabilit\u00e9 de ces constituantes nationales enragent les nervis f\u00e9roces de tout acabit. Aujourd\u2019hui, gr\u00e2ce aux \u00e9volutions sensibles mises en place par les forces vives, les marges de libert\u00e9 se sont \u00e9largies permettant ainsi le droit d\u2019action et de r\u00e9action \u00a0pour davantage d\u2019\u00e9galit\u00e9 sociale, de progr\u00e8s \u00e9quilibr\u00e9. Mais, il semble bien que le marasme soci\u00e9tal persiste semant de l\u2019\u00e9moi dans la vie commune.<\/p>\n<p class=\"c4\">Il est bien \u00e9vident qu\u2019au regard des attitudes des ennemis de notre d\u00e9mocratie fragilis\u00e9e, la vigilance devra \u00eatre de mise et la mobilisation de toutes forces actives de la nation est cens\u00e9e \u00eatre pleine et sans r\u00e9pit, en vue d\u2019inventer et de poursuivre les r\u00e9formes multidimensionnelles, toute en fortifiant les fronts int\u00e9rieurs de notre pays. La violence n\u2019a jamais \u00e9t\u00e9 le fort d\u2019une nation comme la n\u00f4tre. Depuis des si\u00e8cles, notre pays est r\u00e9put\u00e9 pour son registre manifeste de tol\u00e9rance et d\u2019ouverture. Cette notion a accompagn\u00e9 l\u2019\u00e9volution du Royaume durant les ann\u00e9es cruciales de son histoire. La situation politique, socio\u00e9conomique et culturelle n\u00e9cessite en effet, une vaste mobilisation pour l\u2019am\u00e9lioration des conditions de vie, \u00e0 travers des approches de concertation et d\u2019unicit\u00e9 de visions et d\u2019efforts.<\/p>\n<p class=\"c4\">Toutefois, il convient \u00e9galement de souligner que les signes de violence, qui peuvent d\u00e9g\u00e9n\u00e9rer \u00e0 tout moment, continuent \u00e0 pr\u00e9occuper tant que le front interne n\u2019est pas consolid\u00e9. Nombre de dysfonctionnements d\u2019ordre social attisent encore les mouvements de protestation dans tel ou tel secteur. De m\u00eame, les disparit\u00e9s ne cessent de provoquer des malaises saillants au sein des souches marginalis\u00e9es, tant que les ressources ne sont pas \u00e9quitablement r\u00e9parties. La violence tient toujours \u00e0 un fil et il suffit d\u2019une \u00e9tincelle de souci pour que la qui\u00e9tude tourne au vinaigre!<\/p>\n<p>Auteur: M&rsquo;hammed rahal<br \/>\n<a href=\"http:\/\/albayane.press.ma\/proscrire-la-violence.html\">Cliquez ici pour lire l&rsquo;article depuis sa source.<\/a><\/p>\n","protected":false},"excerpt":{"rendered":"<p>Le crime crapuleux dont fut victime, il y a juste quelques jours, une trentenaire \u00e0 fleur de l\u2019\u00e2ge, par d\u2019odieux agresseurs, \u00e9branle le pays, toutes souches r\u00e9unies. La malheureuse fut violent\u00e9e, viol\u00e9e et abjectement d\u00e9flagr\u00e9e sans piti\u00e9 ni retenue. Une ignominie fl\u00e9trie qui ne dit pas son nom, une avanie inf\u00e2me qui d\u00e9passe toutes les [&hellip;]<\/p>\n","protected":false},"author":1760,"featured_media":0,"comment_status":"closed","ping_status":"closed","sticky":false,"template":"","format":"standard","meta":{"fifu_image_url":"","fifu_image_alt":"","footnotes":""},"categories":[73,54],"tags":[],"class_list":["post-47693","post","type-post","status-publish","format-standard","hentry","category-actualite","category-maroc"],"_links":{"self":[{"href":"https:\/\/linitiative.ca\/International\/wp-json\/wp\/v2\/posts\/47693","targetHints":{"allow":["GET"]}}],"collection":[{"href":"https:\/\/linitiative.ca\/International\/wp-json\/wp\/v2\/posts"}],"about":[{"href":"https:\/\/linitiative.ca\/International\/wp-json\/wp\/v2\/types\/post"}],"author":[{"embeddable":true,"href":"https:\/\/linitiative.ca\/International\/wp-json\/wp\/v2\/users\/1760"}],"replies":[{"embeddable":true,"href":"https:\/\/linitiative.ca\/International\/wp-json\/wp\/v2\/comments?post=47693"}],"version-history":[{"count":0,"href":"https:\/\/linitiative.ca\/International\/wp-json\/wp\/v2\/posts\/47693\/revisions"}],"wp:attachment":[{"href":"https:\/\/linitiative.ca\/International\/wp-json\/wp\/v2\/media?parent=47693"}],"wp:term":[{"taxonomy":"category","embeddable":true,"href":"https:\/\/linitiative.ca\/International\/wp-json\/wp\/v2\/categories?post=47693"},{"taxonomy":"post_tag","embeddable":true,"href":"https:\/\/linitiative.ca\/International\/wp-json\/wp\/v2\/tags?post=47693"}],"curies":[{"name":"wp","href":"https:\/\/api.w.org\/{rel}","templated":true}]}}