{"id":47698,"date":"2019-07-22T04:49:37","date_gmt":"2019-07-22T08:49:37","guid":{"rendered":"https:\/\/linitiative.ca\/International\/agriculture-peche-et-ressources-hydrauliques-les-flops-et-les-rates-dun-ministre-hors-du-coup\/"},"modified":"2019-07-22T04:49:37","modified_gmt":"2019-07-22T08:49:37","slug":"agriculture-peche-et-ressources-hydrauliques-les-flops-et-les-rates-dun-ministre-hors-du-coup","status":"publish","type":"post","link":"https:\/\/linitiative.ca\/International\/agriculture-peche-et-ressources-hydrauliques-les-flops-et-les-rates-dun-ministre-hors-du-coup\/","title":{"rendered":"Agriculture, p\u00eache et ressources hydrauliques : Les flops et les rat\u00e9s d\u2019un ministre hors du coup !"},"content":{"rendered":"<ul>\n<li><strong>Pr\u00e8s de 2,5 millions de quintaux de c\u00e9r\u00e9ales abandonn\u00e9s en plein air et les r\u00e9gions agricoles protestent<\/strong><\/li>\n<\/ul>\n<p><strong><em>De nombreux d\u00e9partements battent de l\u2019aile, mais lorsqu\u2019il s\u2019agit des besoins du citoyen, il n\u2019y a plus lieu de se taire, surtout que l\u2019\u00e9t\u00e9 se pr\u00e9sente sous de mauvais auspices pour l\u2019agriculture, la p\u00eache et les ressources hydrauliques qui sont trois \u00e9l\u00e9ments cruciaux pour l\u2019autosuffisance alimentaire. Il fut un temps o\u00f9 l\u2019agriculture \u00e9tait choy\u00e9e, surtout qu\u2019elle repr\u00e9sente un \u00e9l\u00e9ment essentiel dans l\u2019\u00e9conomie nationale. Mais, malheureusement, en cette ann\u00e9e o\u00f9 tout le monde applaudit une r\u00e9colte exceptionnelle, des millions de quintaux de c\u00e9r\u00e9ales sont abandonn\u00e9s en plein air. Pour ce qui est de la p\u00eache, m\u00eame les sardines sont hors de prix et le commun des mortels doit payer cher son poisson. En m\u00eame temps, les citoyens sont priv\u00e9s des ressources hydrauliques qui sont, cette ann\u00e9e, abondantes, du nord au sud du pays. Pourquoi est-on arriv\u00e9s \u00e0 ce stade\u00a0?<\/em><\/strong><\/p>\n<p>Tout le monde se demande pourquoi le minist\u00e8re de l\u2019Agriculture, de la P\u00eache et des ressources hydrauliques n\u2019a pas anticip\u00e9, pour r\u00e9soudre certains probl\u00e8mes, pourtant pr\u00e9visibles, alors qu\u2019il compte des sommit\u00e9s parmi les plus renomm\u00e9es dans le monde. Pourtant, tout le monde s\u2019attendait \u00e0 une r\u00e9colte exceptionnelle de c\u00e9r\u00e9ales, avec des quantit\u00e9s de collect\u00e9es durant cette saison agricole o\u00f9 la r\u00e9colte a atteint tous les records \u00e0 environ 23 millions de quintaux. Cependant, pr\u00e8s 2,5 millions de quintaux sont abandonn\u00e9s en plein air en raison de probl\u00e8mes li\u00e9s \u00e0 la faiblesse de la capacit\u00e9 du stockage et du transport.<\/p>\n<p>Afin de faire face \u00e0 cette situation, une salle d\u2019op\u00e9rations a \u00e9t\u00e9 am\u00e9nag\u00e9e au minist\u00e8re de l\u2019agriculture, des ressources hydrauliques et de la p\u00eache dans l\u2019objectif de fixer un programme d\u2019actions pour les dix prochains jours et adopter un agenda d\u2019actions quotidiennes, a affirm\u00e9 le minist\u00e8re de l\u2019agriculture, Samir Taieb, lors d\u2019une r\u00e9union tenue, samedi, au si\u00e8ge du d\u00e9partement. Mais, n\u2019est-ce pas un peu tard, monsieur le Ministre, surtout que le temps presse et qu\u2019il faut s\u2019attendre \u00e0 des changements climatiques impr\u00e9vus\u00a0?<\/p>\n<p>Le ministre a reconnu, au cours de cette r\u00e9union, que des probl\u00e8mes structurels se posent aux niveaux de la capacit\u00e9 de stockage des centres de collectes (179 centres) et du transport ce qui a entrav\u00e9 la collecte rapide de la r\u00e9colte. Certes, c\u2019est bien de reconna\u00eetre ses erreurs, mais, faut-il, encore qu\u2019il en assume les responsabilit\u00e9s de pertes.<\/p>\n<p>Une feuille de route sera \u00e9galement \u00e9labor\u00e9e entre les diff\u00e9rentes parties concern\u00e9es, afin d\u2019intensifier la coordination entre les diff\u00e9rents intervenants dont les commissariats r\u00e9gionaux et les centres de collecte, de mani\u00e8re \u00e0 assurer une meilleure exploitation de tous les centres de collecte r\u00e9gionaux.<\/p>\n<p>Il a \u00e9t\u00e9 d\u00e9cid\u00e9 en outre d\u2019autoriser exceptionnellement, les camions \u00e0 circuler avec la charge maximale lors du transport des c\u00e9r\u00e9ales (35 tonnes), et d\u2019occorder l\u2019autorisation de transport de c\u00e9r\u00e9ales \u00e0 tous les transporteurs.<\/p>\n<p>Les gouvernorats du Kef et de Siliana sont particuli\u00e8rement, confront\u00e9s \u00e0 des probl\u00e8mes de d\u00e9ficit de moyens de stockage avec des quantit\u00e9s importantes de c\u00e9r\u00e9ales laiss\u00e9es en plein air.<\/p>\n<p>Le gouverneur du Kef, Mnawer Ouertani a, dans ce sens, \u00e9voqu\u00e9 l\u2019existence de 2 millions de quintaux en plein air, soulignant que le transport constitue le principal probl\u00e8me \u00bb.<\/p>\n<p>A Siliana, plus de 600 mille quintaux sont d\u00e9laiss\u00e9s en plein air, a pr\u00e9cis\u00e9 le gouverneur Abderrazek Dkhil, notant \u00ab qu\u2019il faut acc\u00e9l\u00e9rer l\u2019op\u00e9ration d\u2019\u00e9vacuation \u00bb. Le taux d\u2019\u00e9vacuation de la r\u00e9colte dans le gouvernorat de Siliana ne d\u00e9passe pas les 22%, selon le gouverneur.<\/p>\n<ul class=\"wp-block-gallery columns-2 is-cropped\">\n<li class=\"blocks-gallery-item\"><img decoding=\"async\" src=\"http:\/\/lexpertjournal.net\/fr\/wp-content\/uploads\/sites\/2\/2019\/07\/Une-bonne-r%C3%A9colte.jpg\" alt=\"\" data-id=\"8889\" class=\"wp-image-8889\" srcset=\"http:\/\/lexpertjournal.net\/fr\/wp-content\/uploads\/sites\/2\/2019\/07\/Une-bonne-r\u00e9colte.jpg 480w, http:\/\/lexpertjournal.net\/fr\/wp-content\/uploads\/sites\/2\/2019\/07\/Une-bonne-r\u00e9colte-300x192.jpg 300w\" sizes=\"(max-width: 480px) 100vw, 480px\"\/><\/li>\n<li class=\"blocks-gallery-item\"><img decoding=\"async\" src=\"http:\/\/lexpertjournal.net\/fr\/wp-content\/uploads\/sites\/2\/2019\/07\/Samir-Taieb.jpg\" alt=\"\" data-id=\"8890\" data-link=\"http:\/\/lexpertjournal.net\/fr\/?attachment_id=8890\" class=\"wp-image-8890\" srcset=\"http:\/\/lexpertjournal.net\/fr\/wp-content\/uploads\/sites\/2\/2019\/07\/Samir-Taieb.jpg 626w, http:\/\/lexpertjournal.net\/fr\/wp-content\/uploads\/sites\/2\/2019\/07\/Samir-Taieb-300x182.jpg 300w\" sizes=\"(max-width: 626px) 100vw, 626px\"\/><\/li>\n<\/ul>\n<p>Outre les gouverneurs de Jendouba, B\u00e9ja, Le Kef, Bizerte, Siliana et Kasserine, ainsi que le pr\u00e9sident-directeur g\u00e9n\u00e9ral de la SNCFT et des repr\u00e9sentants des organisations professionnelles ont assist\u00e9 \u00e0 cette r\u00e9union.<\/p>\n<p>A l\u2019issue d\u2019une r\u00e9union au minist\u00e8re de l\u2019agriculture, des ressources hydrauliques et de la p\u00eache sur les probl\u00e8mes entravant le stockage de la r\u00e9colte c\u00e9r\u00e9ali\u00e8re, les d\u00e9cisions suivantes ont \u00e9t\u00e9 prises, avec l\u2019espoir qu\u2019elles seront appliqu\u00e9es imm\u00e9diatement\u00a0:<\/p>\n<p>\u2013 Identifier les zones prioritaires et les points noirs o\u00f9 la r\u00e9colte c\u00e9r\u00e9ali\u00e8re est abandonn\u00e9e en plein air et adopter un calendrier d\u2019interventions quotidiennes.<\/p>\n<p>\u2013 Former une cellule de suivi centralis\u00e9 au sein du d\u00e9partement de l\u2019agriculture.<\/p>\n<p>\u2013 Mettre en \u0153uvre un programme d\u2019actions pr\u00e9cises et un agenda quotidien couvrant les 10 prochains jours avec le suivi minutieux des quantit\u00e9s stock\u00e9es en plein air.<\/p>\n<p>\u2013 Charger l\u2019Office national des c\u00e9r\u00e9ales de vendre les quotas des mois de juillet et ao\u00fbt 2019 aux minoteries, en rajoutant 400 mille quintaux pour le stockage et se lancer imm\u00e9diatement dans l\u2019op\u00e9ration d\u2019\u00e9vacuation.<\/p>\n<p>\u2013 G\u00e9n\u00e9raliser l\u2019op\u00e9ration de protection des c\u00e9r\u00e9ales stock\u00e9es en plein air, en recourant \u00e0 des b\u00e2ches.<\/p>\n<p>\u2013 Appliquer la d\u00e9cision du ministre du transport de permettre aux transporteurs non sp\u00e9cialis\u00e9s de b\u00e9n\u00e9ficier des autorisations exceptionnelles pour exercer l\u2019activit\u00e9 du transport des c\u00e9r\u00e9ales.<\/p>\n<p>\u2013 Mettre en \u0153uvre la d\u00e9cision des ministres de l\u2019int\u00e9rieur, de transport et de l\u2019agriculture permettant aux transporteurs de c\u00e9r\u00e9ales de transporter la charge maximum de 35 tonnes au cours de cette saison.<\/p>\n<p>\u2013 Acc\u00e9l\u00e9rer le rythme du transport ferroviaire des c\u00e9r\u00e9ales.<\/p>\n<p>Ce ne sont l\u00e0 que des calme-douleur et le ministre doit faire mieux pour pr\u00e9server ces ressources c\u00e9r\u00e9ali\u00e8res.<\/p>\n<p>Pour ce qui est de la p\u00eache, la situation n\u2019est pas plus reluisante et la contestation bat son plein, dans cette profession, alors que, dans les march\u00e9s, les prix du poisson flambent de jour en jour, au point o\u00f9 les sardines ne sont plus abordables, avec des prix fr\u00f4lant les cinq dinars le kilo. En plus, la Tunisie qui dispose de plus d\u2019un millier de kilom\u00e8tres de c\u00f4tes n\u2019arrive pas \u00e0 satisfaire les besoins du march\u00e9 local et elle est oblig\u00e9e d\u2019importer de pays voisins.<\/p>\n<p>Au niveau des ressources hydrauliques, c\u2019est pire, encore, et des r\u00e9gions du nord au sud du pays sont condamn\u00e9es \u00e0 la soif, en cet \u00e9t\u00e9 o\u00f9 la chaleur a atteint des sommets sans pareils et sans pr\u00e9c\u00e9dents.<\/p>\n<p>Pourtant, l\u2019ann\u00e9e a \u00e9t\u00e9 pluvieuse et le ministre nous avait gav\u00e9 de belles paroles, annon\u00e7ant que les barrages sont quasiment pleins et qu\u2019on ne risque pas d\u2019avoir soif.<\/p>\n<p>Une erreur, \u00e7a peut passer. A partir de deux, cela donne \u00e0 r\u00e9fl\u00e9chir. Mais, \u00e0 partir de la troisi\u00e8me, on ne peut que commercer \u00e0 parler d\u2019incomp\u00e9tence et d\u2019absence d\u2019une vision prospective.<\/p>\n<p class=\"dpsp-share-text\">Partager c&rsquo;est aimer!<\/p>\n<div class=\"wp-post-author-wrap wp-post-author-shortcode left\">\n<h3 class=\"awpa-title\"\/>\n<div class=\"wp-post-author\">\n<div class=\"awpa-img awpa-author-block square\"><a href=\"http:\/\/lexpertjournal.net\/fr\/author\/expert\/\"><img loading=\"lazy\" decoding=\"async\" alt=\"\" src=\"http:\/\/2.gravatar.com\/avatar\/56d99be2a6f97af88ccb49fada637fcd?s=150&#038;d=mm&#038;r=g\" srcset=\"http:\/\/2.gravatar.com\/avatar\/56d99be2a6f97af88ccb49fada637fcd?s=300&#038;d=mm&#038;r=g 2x\" class=\"avatar avatar-150 photo\" height=\"150\" width=\"150\"\/><\/a><\/div>\n<\/div>\n<\/div>\n<p>Auteur: L&rsquo;expert<br \/>\n<a href=\"http:\/\/lexpertjournal.net\/fr\/2019\/07\/22\/agriculture-peche-et-ressources-hydrauliques-les-flops-et-les-rates-dun-ministre-hors-du-coup\/\">Cliquez ici pour lire l&rsquo;article depuis sa source.<\/a><\/p>\n","protected":false},"excerpt":{"rendered":"<p>Pr\u00e8s de 2,5 millions de quintaux de c\u00e9r\u00e9ales abandonn\u00e9s en plein air et les r\u00e9gions agricoles protestent De nombreux d\u00e9partements battent de l\u2019aile, mais lorsqu\u2019il s\u2019agit des besoins du citoyen, il n\u2019y a plus lieu de se taire, surtout que l\u2019\u00e9t\u00e9 se pr\u00e9sente sous de mauvais auspices pour l\u2019agriculture, la p\u00eache et les ressources hydrauliques [&hellip;]<\/p>\n","protected":false},"author":1775,"featured_media":47699,"comment_status":"closed","ping_status":"closed","sticky":false,"template":"","format":"standard","meta":{"fifu_image_url":"","fifu_image_alt":"","footnotes":""},"categories":[78,55],"tags":[],"class_list":["post-47698","post","type-post","status-publish","format-standard","has-post-thumbnail","hentry","category-economie","category-tunisie"],"_links":{"self":[{"href":"https:\/\/linitiative.ca\/International\/wp-json\/wp\/v2\/posts\/47698","targetHints":{"allow":["GET"]}}],"collection":[{"href":"https:\/\/linitiative.ca\/International\/wp-json\/wp\/v2\/posts"}],"about":[{"href":"https:\/\/linitiative.ca\/International\/wp-json\/wp\/v2\/types\/post"}],"author":[{"embeddable":true,"href":"https:\/\/linitiative.ca\/International\/wp-json\/wp\/v2\/users\/1775"}],"replies":[{"embeddable":true,"href":"https:\/\/linitiative.ca\/International\/wp-json\/wp\/v2\/comments?post=47698"}],"version-history":[{"count":0,"href":"https:\/\/linitiative.ca\/International\/wp-json\/wp\/v2\/posts\/47698\/revisions"}],"wp:featuredmedia":[{"embeddable":true,"href":"https:\/\/linitiative.ca\/International\/wp-json\/"}],"wp:attachment":[{"href":"https:\/\/linitiative.ca\/International\/wp-json\/wp\/v2\/media?parent=47698"}],"wp:term":[{"taxonomy":"category","embeddable":true,"href":"https:\/\/linitiative.ca\/International\/wp-json\/wp\/v2\/categories?post=47698"},{"taxonomy":"post_tag","embeddable":true,"href":"https:\/\/linitiative.ca\/International\/wp-json\/wp\/v2\/tags?post=47698"}],"curies":[{"name":"wp","href":"https:\/\/api.w.org\/{rel}","templated":true}]}}