{"id":47702,"date":"2019-07-22T04:58:50","date_gmt":"2019-07-22T08:58:50","guid":{"rendered":"https:\/\/linitiative.ca\/International\/guerre-contre-le-terrorisme-succes-et-performances-mais-gare-a-la-baisse-de-la-vigilance\/"},"modified":"2019-07-22T04:58:50","modified_gmt":"2019-07-22T08:58:50","slug":"guerre-contre-le-terrorisme-succes-et-performances-mais-gare-a-la-baisse-de-la-vigilance","status":"publish","type":"post","link":"https:\/\/linitiative.ca\/International\/guerre-contre-le-terrorisme-succes-et-performances-mais-gare-a-la-baisse-de-la-vigilance\/","title":{"rendered":"Guerre contre le terrorisme : Succ\u00e8s et performances\u2026 mais, gare \u00e0 la baisse de la vigilance"},"content":{"rendered":"<p><strong><em>Les forces s\u00e9curitaires et militaires tunisiennes ont donn\u00e9 la preuve de leur efficacit\u00e9, bien que certaines forces occultes aient, toujours, cherch\u00e9 \u00e0 les infiltrer et \u00e0 r\u00e9duire cette capacit\u00e9 \u00e0 anticiper et \u00e0 pr\u00e9venir toutes les vell\u00e9it\u00e9s tendant \u00e0 faire du mal au pays. Certes, le pays a perdu des plumes au passage, avec des assassinats politiques et des attentats qui avaient fait, souvent, plus de peur que du mal. Mais, tous les pays ont, jusqu\u2019\u00e0 maintenant, pay\u00e9 un lourd tribut, avec des morts \u00e0 la pelle\u2026 ce qui n\u2019a pas \u00e9t\u00e9 le cas, apr\u00e8s les deux attentats terroristes, en plein centre-ville de Tunis. Des succ\u00e8s et des performances, certes, mais gare \u00e0 la baisse de la vigilance\u00a0!<\/em><\/strong><\/p>\n<p>Les extr\u00e9mistes religieux avaient voulu faire saigner \u00e0 la Tunisie, avec deux attentats terroristes programm\u00e9s, en plein c\u0153ur de la capitale, pour faire de gros d\u00e9g\u00e2ts et un grand nombre de victimes. Mais, entre la volont\u00e9 des commanditaires que tout le monde connait, mais dont on tait les noms, et les moyens qu\u2019ils ont pu mettre en \u0153uvre, il y a tout un monde, parce que terrorisme n\u2019a aucune chance de prolif\u00e9rer, dans ce pays connu pour \u00eatre pacifique et o\u00f9 il fait bon vivre.<\/p>\n<p>Certes, la Tunisie a pay\u00e9 un lourd tribut, depuis le gouvernement de la Tro\u00efka, avec la d\u00e9sint\u00e9gration de tous les rep\u00e8res du pays, gr\u00e2ce au bon vouloir du mouvement Ennahdha qui veut instaurer la terreur, pour \u00e9difier le Khalifa tant ch\u00e9ri. Mais, le pays a, vite, repris du poil de la b\u00eate, bien qu\u2019il ait pay\u00e9, en cours de route, un prix tr\u00e8s cher, avec des martyrs \u00e0 la pelle et des touristes \u00e9trangers assassin\u00e9s, sauvagement, sous le regard bienveillant de certains s\u00e9curitaires qui n\u2019avaient rien fait pour les prot\u00e9ger.<\/p>\n<p>Depuis la pseudo-r\u00e9volution, on n\u2019a pas arr\u00eat\u00e9 de payer. Cela avait commenc\u00e9 par l\u2019assassinat de Lotfi Naguedh, alors que les commanditaires et les ex\u00e9cutants continuent de b\u00e9n\u00e9ficier de l\u2019impunit\u00e9 totale, avec certains participants qui jouissent d\u2019une libert\u00e9 exasp\u00e9rante. Puis, ce fut le tour des assassinats de Chokri Bela\u00efd, un dirigeant politique de gauche qui g\u00eanait les projets des islamistes, avec tous les \u00e9v\u00e9nements qui avaient accompagn\u00e9 les c\u00e9r\u00e9monies fun\u00e9raires, le cort\u00e8ge fun\u00e8bre et son enterrement\u2026 Et, pourtant, on connait les instigateurs de tout le d\u00e9sordre qui avaient accompagn\u00e9 tout le c\u00e9r\u00e9monial\u2026 avec, \u00e0 l\u2019arriv\u00e9e, des accusations \u00e9hont\u00e9es contre son \u00e9pouse.<\/p>\n<p>Le meurtre de Haj Mohamed Brahmi est le couronnement des vis\u00e9es extr\u00e9mistes et la goutte qui aurait d\u00fb faire d\u00e9border le vase, mais rien n\u2019\u00e9tait, puisque ni les commanditaires, ni les ex\u00e9cutants n\u2019ont \u00e9t\u00e9 d\u00e9voil\u00e9. Le martyr Brahmi a, pourtant, \u00e9t\u00e9 tu\u00e9 par un jeune du voisinage, dans une zone qui \u00e9tait une p\u00e9pini\u00e8re de terroriste et, comble de l\u2019ironie, le demeure encore. Tout le monde le sait et une certaine librairie extr\u00e9miste, toujours ayant pignon sur rue, en est la preuve la plus \u00e9clatante. Toutefois, les forces s\u00e9curitaires veillent au grain et personne ne peut plus bouger, parce que tous les extr\u00e9mistes sont fich\u00e9s.<\/p>\n<p>Le pire encore, c\u2019est qu\u2019un attentat extr\u00e9miste est commis, chaque fois que les islamistes sont sur la sellette. Et il n\u2019est un secret pour personne que cette mouvance extr\u00e9miste b\u00e9n\u00e9ficie d\u2019une certaine b\u00e9n\u00e9diction. Il faut se rappeler, \u00e0 ce propos, que des terroristes b\u00e9n\u00e9ficiaires de l\u2019amnistie l\u00e9gislative g\u00e9n\u00e9rale avaient \u00e9t\u00e9 recrut\u00e9s en tant que gardiens forestiers, pour \u00ab\u00a0prot\u00e9ger les fronti\u00e8res avec l\u2019Alg\u00e9rie\u00a0\u00bb, que des terroristes, notamment le fameux Abou Iyadh avait r\u00e9colt\u00e9 des millions de dinars comme compensations, pour les s\u00e9vices subis, sous le r\u00e9gime de l\u2019ancien pr\u00e9sident Zine El Abidine Ben Ali. Pourtant, ce triste personnage qui avait \u00e9t\u00e9 \u00e9vacu\u00e9 en catimini par l\u2019ancien ministre de l\u2019Int\u00e9rieur Ali Larayedh, du mouvement Ennahdha, de la mosqu\u00e9e El Fath, continue \u00e0 orchestrer des attentats contre le pays.<\/p>\n<p>IL faut se rappeler, aussi, qu\u2019on avait voulu convaincre les Tunisiens que les terroristes qui pr\u00e9paraient leur antre sur les monts Chambi \u00e9taient des personnes \u00ab\u00a0qui faisaient des exercices de sport\u00a0\u00bb.<\/p>\n<p>La Tunisie a, certes, pay\u00e9 ch\u00e8rement et par le sang de ses valeureux enfants le prix fort, mais cela n\u2019a fait que l\u2019aguerrir davantage, pour savoir comment mettre \u00e0 genoux les terroristes dont les tentatives, actuellement, sont r\u00e9duits \u00e0 des actes de d\u00e9sespoir, sans un grand effet sur le cours de la vie normale des citoyens.<\/p>\n<p>L\u2019attaque contre la station d\u2019\u00e9mission radiophonique et t\u00e9l\u00e9vis\u00e9e de Jbel Orbata a \u00e9t\u00e9 vou\u00e9e \u00e0 l\u2019\u00e9chec. Les deux attentats de la capitale n\u2019\u00e9taient qu\u2019un feu de paille. Il n\u2019y a qu\u2019\u00e0 voir l\u2019horaire et le lieu choisis et qui \u00e9taient, de tous temps, marqu\u00e9s par une grande affluence dans les zones cibl\u00e9s, pour comprendre que les extr\u00e9mistes et leurs commanditaires sont r\u00e9duits dans leurs derniers retranchements.<\/p>\n<p>Les investigations avaient men\u00e9 loin et le terroriste Aymen Smiri, neutralis\u00e9 \u00e0 la cit\u00e9 Intilaka (gouvernorat de l\u2019Ariana), faisait l\u2019objet d\u2019une filature et d\u2019une traque minutieuse, par les patrouilles relevant de l\u2019unit\u00e9 nationale d\u2019investigation dans les crimes du terrorisme et le crime organis\u00e9, touchant \u00e0 l\u2019int\u00e9grit\u00e9 du territoire national, appartenant \u00e0 la direction g\u00e9n\u00e9rale des services sp\u00e9ciaux de la suret\u00e9 nationale.<\/p>\n<p>Au moment o\u00f9 il \u00e9tait cern\u00e9 \u00e0 la cit\u00e9 Intilaka, et qu\u2019il essuyait des coups de feu, le terroriste s\u2019est fait exploser, en actionnant sa ceinture explosive sans faire de victime dans les rangs des forces de l\u2019ordre ou parmi les citoyens.<\/p>\n<p>Le minist\u00e8re de l\u2019Int\u00e9rieur avait lanc\u00e9 un appel \u00e0 t\u00e9moin auparavant contre cet \u00e9l\u00e9ment terroriste, et ce, dans le cadre de la coop\u00e9ration des citoyens avec les forces de l\u2019ordre et en pr\u00e9vention des attaques terroristes.<\/p>\n<p>Le dernier \u00e9l\u00e9ment appartenant au groupe terroriste impliqu\u00e9 dans le double attentat suicide survenu \u00e0 jeudi dernier \u00e0 Tunis a \u00e9t\u00e9 abattu mardi soir \u00bb, a assur\u00e9 le chef du gouvernement, Youssef Chahed, en marge de sa visite \u00e0 l\u2019unit\u00e9 de lutte contre le terrorisme d\u2019El Gorjani.<\/p>\n<p>Dans une d\u00e9claration donn\u00e9e aux journalistes en pr\u00e9sence notamment du ministre de l\u2019Int\u00e9rieur, Hichem Fourati, le chef du gouvernement a indiqu\u00e9 que ce groupe terroriste planifiait d\u2019autres op\u00e9rations contre la Tunisie et ses int\u00e9r\u00eats.<\/p>\n<p>\u00ab Gr\u00e2ce au degr\u00e9 de promptitude des forces s\u00e9curitaires et militaires et sp\u00e9cialement l\u2019unit\u00e9 de lutte antiterroriste, ce groupe terroriste a \u00e9t\u00e9 neutralis\u00e9 et tous ses membres ont \u00e9t\u00e9 arr\u00eat\u00e9s \u00bb, s\u2019est f\u00e9licit\u00e9 Chahed.<\/p>\n<p>Il a, \u00e9galement, soulign\u00e9 que l\u2019exp\u00e9rience tunisienne en mati\u00e8re de transition d\u00e9mocratique est vis\u00e9e, surtout que le pays s\u2019appr\u00eate \u00e0 organiser les \u00e9lections l\u00e9gislatives et pr\u00e9sidentielle et \u00e0 vivre une saison touristique prometteuse.<\/p>\n<p>\u00ab La Tunisie est forte par ses hommes et ses femmes capables de la d\u00e9fendre et de se sacrifier pour elle et pour l\u2019\u00e9tendard national avec une volont\u00e9 et une d\u00e9termination ind\u00e9fectibles \u00bb, a d\u00e9clar\u00e9 le chef du gouvernement, estimant que \u00ab tous les pays sont sous la menace du terrorisme \u00bb.<\/p>\n<p>\u00ab Le niveau de pr\u00e9paration op\u00e9rationnel de la Tunisie en mati\u00e8re de lutte contre le terrorisme n\u2019est pas en de\u00e7\u00e0 de celui de n\u2019importe quel autre pays en Europe ou \u00e0 l\u2019\u00e9chelle mondiale \u00bb, a estim\u00e9 Chahed.<\/p>\n<p>Le chef du gouvernement a fait valoir les efforts d\u00e9ploy\u00e9s par les agents des forces de l\u2019ordre et l\u2019institution s\u00e9curitaire pour d\u00e9fendre et pr\u00e9server la suret\u00e9 de la Tunisie.<\/p>\n<p>\u00ab Nous n\u2019aurons aucun r\u00e9pit jusqu\u2019\u00e0 la neutralisation du dernier terroriste. La Tunisie refuse la culture du terrorisme et de la mort \u00bb.<\/p>\n<p>Certes, la guerre est de longue dur\u00e9e, mais la v\u00e9rit\u00e9 va \u00e9clater, t\u00f4t ou tard, et tous les Tunisiens, v\u00e9ritables musulmans, d\u00e9mocrates, progressistes, gauchistes, tous amoureux de la patrie sauront \u00e0 quoi s\u2019en tenir. Et la Tunisie vaincra\u2026<\/p>\n<p class=\"c1\">F.S<\/p>\n<p class=\"dpsp-share-text\">Partager c&rsquo;est aimer!<\/p>\n<div class=\"wp-post-author-wrap wp-post-author-shortcode left\">\n<h3 class=\"awpa-title\"\/>\n<div class=\"wp-post-author\">\n<div class=\"awpa-img awpa-author-block square\"><a href=\"http:\/\/lexpertjournal.net\/fr\/author\/expert\/\"><img loading=\"lazy\" decoding=\"async\" alt=\"\" src=\"http:\/\/2.gravatar.com\/avatar\/56d99be2a6f97af88ccb49fada637fcd?s=150&#038;d=mm&#038;r=g\" srcset=\"http:\/\/2.gravatar.com\/avatar\/56d99be2a6f97af88ccb49fada637fcd?s=300&#038;d=mm&#038;r=g 2x\" class=\"avatar avatar-150 photo\" height=\"150\" width=\"150\"\/><\/a><\/div>\n<\/div>\n<\/div>\n<p>Auteur: L&rsquo;expert<br \/>\n<a href=\"http:\/\/lexpertjournal.net\/fr\/2019\/07\/22\/guerre-contre-le-terrorisme-succes-et-performances-mais-gare-a-la-baisse-de-la-vigilance\/\">Cliquez ici pour lire l&rsquo;article depuis sa source.<\/a><\/p>\n","protected":false},"excerpt":{"rendered":"<p>Les forces s\u00e9curitaires et militaires tunisiennes ont donn\u00e9 la preuve de leur efficacit\u00e9, bien que certaines forces occultes aient, toujours, cherch\u00e9 \u00e0 les infiltrer et \u00e0 r\u00e9duire cette capacit\u00e9 \u00e0 anticiper et \u00e0 pr\u00e9venir toutes les vell\u00e9it\u00e9s tendant \u00e0 faire du mal au pays. Certes, le pays a perdu des plumes au passage, avec des [&hellip;]<\/p>\n","protected":false},"author":1775,"featured_media":0,"comment_status":"closed","ping_status":"closed","sticky":false,"template":"","format":"standard","meta":{"fifu_image_url":"","fifu_image_alt":"","footnotes":""},"categories":[78,55],"tags":[],"class_list":["post-47702","post","type-post","status-publish","format-standard","hentry","category-economie","category-tunisie"],"_links":{"self":[{"href":"https:\/\/linitiative.ca\/International\/wp-json\/wp\/v2\/posts\/47702","targetHints":{"allow":["GET"]}}],"collection":[{"href":"https:\/\/linitiative.ca\/International\/wp-json\/wp\/v2\/posts"}],"about":[{"href":"https:\/\/linitiative.ca\/International\/wp-json\/wp\/v2\/types\/post"}],"author":[{"embeddable":true,"href":"https:\/\/linitiative.ca\/International\/wp-json\/wp\/v2\/users\/1775"}],"replies":[{"embeddable":true,"href":"https:\/\/linitiative.ca\/International\/wp-json\/wp\/v2\/comments?post=47702"}],"version-history":[{"count":0,"href":"https:\/\/linitiative.ca\/International\/wp-json\/wp\/v2\/posts\/47702\/revisions"}],"wp:attachment":[{"href":"https:\/\/linitiative.ca\/International\/wp-json\/wp\/v2\/media?parent=47702"}],"wp:term":[{"taxonomy":"category","embeddable":true,"href":"https:\/\/linitiative.ca\/International\/wp-json\/wp\/v2\/categories?post=47702"},{"taxonomy":"post_tag","embeddable":true,"href":"https:\/\/linitiative.ca\/International\/wp-json\/wp\/v2\/tags?post=47702"}],"curies":[{"name":"wp","href":"https:\/\/api.w.org\/{rel}","templated":true}]}}