{"id":47708,"date":"2019-07-22T06:00:00","date_gmt":"2019-07-22T10:00:00","guid":{"rendered":"https:\/\/linitiative.ca\/International\/le-forum-france-algerie-se-joint-a-lappel-du-mouvement-associatif\/"},"modified":"2019-07-22T06:00:00","modified_gmt":"2019-07-22T10:00:00","slug":"le-forum-france-algerie-se-joint-a-lappel-du-mouvement-associatif","status":"publish","type":"post","link":"https:\/\/linitiative.ca\/International\/le-forum-france-algerie-se-joint-a-lappel-du-mouvement-associatif\/","title":{"rendered":"Le Forum France-Alg\u00e9rie se joint \u00e0 l\u2019appel du mouvement associatif"},"content":{"rendered":"<div id=\"originalText\" readability=\"39\">\n<p>Le Forum France-Alg\u00e9rie s\u2019est joint \u00e0 la d\u00e9claration lanc\u00e9e r\u00e9cemment par un collectif d\u2019associations et de personnalit\u00e9s en France appelant \u00e0 l&rsquo;arr\u00eat de la r\u00e9pression contre les manifestants en Alg\u00e9rie et au respect des droits de l&rsquo;homme et des libert\u00e9s. Tout en appelant le pouvoir en place \u00e0 cesser la r\u00e9pression et les pers\u00e9cutions ainsi qu\u2019\u00e0 la lib\u00e9ration de tous les d\u00e9tenus d\u2019opinion, le Forum France-Alg\u00e9rie a exhort\u00e9 toutes les associations et organisations \u00e0 d\u00e9noncer ces atteintes aux droits de l\u2019homme. \u201cCette r\u00e9pression ne doit pas \u00eatre tue. Elle doit \u00eatre d\u00e9nonc\u00e9e fermement, vigoureusement, par toutes les consciences libres\u201d, a ass\u00e9n\u00e9 l\u2019association dans un communiqu\u00e9.<\/p>\n<\/div>\n<div id=\"text_core\" readability=\"39\">\n<p>Le Forum France-Alg\u00e9rie s\u2019est joint \u00e0 la d\u00e9claration lanc\u00e9e r\u00e9cemment par un collectif d\u2019associations et de personnalit\u00e9s en France appelant \u00e0 l&rsquo;arr\u00eat de la r\u00e9pression contre les manifestants en Alg\u00e9rie et au respect des droits de l&rsquo;homme et des libert\u00e9s. Tout en appelant le pouvoir en place \u00e0 cesser la r\u00e9pression et les pers\u00e9cutions ainsi qu\u2019\u00e0 la lib\u00e9ration de tous les d\u00e9tenus d\u2019opinion, le Forum France-Alg\u00e9rie a exhort\u00e9 toutes les associations et organisations \u00e0 d\u00e9noncer ces atteintes aux droits de l\u2019homme. \u201cCette r\u00e9pression ne doit pas \u00eatre tue. Elle doit \u00eatre d\u00e9nonc\u00e9e fermement, vigoureusement, par toutes les consciences libres\u201d, a ass\u00e9n\u00e9 l\u2019association dans un communiqu\u00e9.<\/p>\n<\/div>\n<p>Auteur:<br \/>\n<a href=\"https:\/\/www.liberte-algerie.com\/radar\/le-forum-france-algerie-se-joint-a-lappel-du-mouvement-associatif-320408\">Cliquez ici pour lire l&rsquo;article depuis sa source.<\/a><\/p>\n","protected":false},"excerpt":{"rendered":"<p>Le Forum France-Alg\u00e9rie s\u2019est joint \u00e0 la d\u00e9claration lanc\u00e9e r\u00e9cemment par un collectif d\u2019associations et de personnalit\u00e9s en France appelant \u00e0 l&rsquo;arr\u00eat de la r\u00e9pression contre les manifestants en Alg\u00e9rie et au respect des droits de l&rsquo;homme et des libert\u00e9s. Tout en appelant le pouvoir en place \u00e0 cesser la r\u00e9pression et les pers\u00e9cutions ainsi [&hellip;]<\/p>\n","protected":false},"author":1742,"featured_media":0,"comment_status":"closed","ping_status":"closed","sticky":false,"template":"","format":"standard","meta":{"fifu_image_url":"","fifu_image_alt":"","footnotes":""},"categories":[73,53],"tags":[],"class_list":["post-47708","post","type-post","status-publish","format-standard","hentry","category-actualite","category-algerie"],"_links":{"self":[{"href":"https:\/\/linitiative.ca\/International\/wp-json\/wp\/v2\/posts\/47708","targetHints":{"allow":["GET"]}}],"collection":[{"href":"https:\/\/linitiative.ca\/International\/wp-json\/wp\/v2\/posts"}],"about":[{"href":"https:\/\/linitiative.ca\/International\/wp-json\/wp\/v2\/types\/post"}],"author":[{"embeddable":true,"href":"https:\/\/linitiative.ca\/International\/wp-json\/wp\/v2\/users\/1742"}],"replies":[{"embeddable":true,"href":"https:\/\/linitiative.ca\/International\/wp-json\/wp\/v2\/comments?post=47708"}],"version-history":[{"count":0,"href":"https:\/\/linitiative.ca\/International\/wp-json\/wp\/v2\/posts\/47708\/revisions"}],"wp:attachment":[{"href":"https:\/\/linitiative.ca\/International\/wp-json\/wp\/v2\/media?parent=47708"}],"wp:term":[{"taxonomy":"category","embeddable":true,"href":"https:\/\/linitiative.ca\/International\/wp-json\/wp\/v2\/categories?post=47708"},{"taxonomy":"post_tag","embeddable":true,"href":"https:\/\/linitiative.ca\/International\/wp-json\/wp\/v2\/tags?post=47708"}],"curies":[{"name":"wp","href":"https:\/\/api.w.org\/{rel}","templated":true}]}}