{"id":47710,"date":"2019-07-22T06:00:00","date_gmt":"2019-07-22T10:00:00","guid":{"rendered":"https:\/\/linitiative.ca\/International\/jack-lang-nous-sommes-tous-un-peu-algeriens\/"},"modified":"2019-07-22T06:00:00","modified_gmt":"2019-07-22T10:00:00","slug":"jack-lang-nous-sommes-tous-un-peu-algeriens","status":"publish","type":"post","link":"https:\/\/linitiative.ca\/International\/jack-lang-nous-sommes-tous-un-peu-algeriens\/","title":{"rendered":"Jack Lang : \u201cNous sommes tous un peu alg\u00e9riens\u201d"},"content":{"rendered":"<div id=\"originalText\" readability=\"49\">\n<p>\u201cAujourd\u2019hui, des deux c\u00f4t\u00e9s de la M\u00e9diterran\u00e9e, nous partageons le m\u00eame bonheur et nous sommes tous un peu alg\u00e9riens.\u201d C\u2019est ainsi que le pr\u00e9sident de l\u2019Institut du monde arabe, Jack Lang, a salu\u00e9, dans un message, le triomphe de l\u2019\u00e9quipe nationale en Coupe d\u2019Afrique des nations. Pour l\u2019ancien ministre fran\u00e7ais de l\u2019\u00c9ducation nationale et de la Culture notamment, \u201ccette victoire n\u2019est pas seulement celle de onze hommes sur le terrain, c\u2019est celle de tout le peuple alg\u00e9rien\u201d. Jack Lang a rappel\u00e9, dans son message, ses positions anticolonialistes, comme pour expliquer sa relation de proximit\u00e9 avec l\u2019Alg\u00e9rie. \u201cIl (le sacre des Verts) me rend heureux et fier, comme tous ceux de ma g\u00e9n\u00e9ration qui sont venus \u00e0 la politique par la lutte contre le colonialisme, et pour le droit des peuples \u00e0 l\u2019ind\u00e9pendance et \u00e0 d\u00e9cider eux-m\u00eames de leur destin\u201d, a affirm\u00e9 M. Lang.<\/p>\n<\/div>\n<div id=\"text_core\" readability=\"49\">\n<p>\u201cAujourd\u2019hui, des deux c\u00f4t\u00e9s de la M\u00e9diterran\u00e9e, nous partageons le m\u00eame bonheur et nous sommes tous un peu alg\u00e9riens.\u201d C\u2019est ainsi que le pr\u00e9sident de l\u2019Institut du monde arabe, Jack Lang, a salu\u00e9, dans un message, le triomphe de l\u2019\u00e9quipe nationale en Coupe d\u2019Afrique des nations. Pour l\u2019ancien ministre fran\u00e7ais de l\u2019\u00c9ducation nationale et de la Culture notamment, \u201ccette victoire n\u2019est pas seulement celle de onze hommes sur le terrain, c\u2019est celle de tout le peuple alg\u00e9rien\u201d. Jack Lang a rappel\u00e9, dans son message, ses positions anticolonialistes, comme pour expliquer sa relation de proximit\u00e9 avec l\u2019Alg\u00e9rie. \u201cIl (le sacre des Verts) me rend heureux et fier, comme tous ceux de ma g\u00e9n\u00e9ration qui sont venus \u00e0 la politique par la lutte contre le colonialisme, et pour le droit des peuples \u00e0 l\u2019ind\u00e9pendance et \u00e0 d\u00e9cider eux-m\u00eames de leur destin\u201d, a affirm\u00e9 M. Lang.<\/p>\n<\/div>\n<p>Auteur:<br \/>\n<a href=\"https:\/\/www.liberte-algerie.com\/radar\/jack-lang-nous-sommes-tous-un-peu-algeriens-320406\">Cliquez ici pour lire l&rsquo;article depuis sa source.<\/a><\/p>\n","protected":false},"excerpt":{"rendered":"<p>\u201cAujourd\u2019hui, des deux c\u00f4t\u00e9s de la M\u00e9diterran\u00e9e, nous partageons le m\u00eame bonheur et nous sommes tous un peu alg\u00e9riens.\u201d C\u2019est ainsi que le pr\u00e9sident de l\u2019Institut du monde arabe, Jack Lang, a salu\u00e9, dans un message, le triomphe de l\u2019\u00e9quipe nationale en Coupe d\u2019Afrique des nations. Pour l\u2019ancien ministre fran\u00e7ais de l\u2019\u00c9ducation nationale et de [&hellip;]<\/p>\n","protected":false},"author":1742,"featured_media":0,"comment_status":"closed","ping_status":"closed","sticky":false,"template":"","format":"standard","meta":{"fifu_image_url":"","fifu_image_alt":"","footnotes":""},"categories":[73,53],"tags":[],"class_list":["post-47710","post","type-post","status-publish","format-standard","hentry","category-actualite","category-algerie"],"_links":{"self":[{"href":"https:\/\/linitiative.ca\/International\/wp-json\/wp\/v2\/posts\/47710","targetHints":{"allow":["GET"]}}],"collection":[{"href":"https:\/\/linitiative.ca\/International\/wp-json\/wp\/v2\/posts"}],"about":[{"href":"https:\/\/linitiative.ca\/International\/wp-json\/wp\/v2\/types\/post"}],"author":[{"embeddable":true,"href":"https:\/\/linitiative.ca\/International\/wp-json\/wp\/v2\/users\/1742"}],"replies":[{"embeddable":true,"href":"https:\/\/linitiative.ca\/International\/wp-json\/wp\/v2\/comments?post=47710"}],"version-history":[{"count":0,"href":"https:\/\/linitiative.ca\/International\/wp-json\/wp\/v2\/posts\/47710\/revisions"}],"wp:attachment":[{"href":"https:\/\/linitiative.ca\/International\/wp-json\/wp\/v2\/media?parent=47710"}],"wp:term":[{"taxonomy":"category","embeddable":true,"href":"https:\/\/linitiative.ca\/International\/wp-json\/wp\/v2\/categories?post=47710"},{"taxonomy":"post_tag","embeddable":true,"href":"https:\/\/linitiative.ca\/International\/wp-json\/wp\/v2\/tags?post=47710"}],"curies":[{"name":"wp","href":"https:\/\/api.w.org\/{rel}","templated":true}]}}